{"id":38141,"date":"2021-05-05T14:55:39","date_gmt":"2021-05-05T12:55:39","guid":{"rendered":"https:\/\/www.fede.education\/2021\/05\/05\/rencontre-avec-johan-trapani-ancien-etudiant-de-lestc\/"},"modified":"2023-02-23T15:26:34","modified_gmt":"2023-02-23T14:26:34","slug":"rencontre-avec-johan-trapani-ancien-etudiant-de-lestc","status":"publish","type":"post","link":"https:\/\/www.fede.education\/en\/2021\/05\/05\/rencontre-avec-johan-trapani-ancien-etudiant-de-lestc\/","title":{"rendered":"Meeting with Johan Trapani, former student at ESTC"},"content":{"rendered":"<p><strong><em>Meeting with Johan Trapani, former student at ESTC, who remembers fond memories of this school : the nice atmosphere but also and especially, the quality of his training.<\/em><\/strong><\/p>\n<p><strong>Can you tell us about your studies and your career so far?<\/strong><\/p>\n<p>Following a BTS in commerce at the Lyc\u00e9e P\u00e9rier, I did a DEESMA at the ESTC via a sandwich-training contract at D\u00e9cathlon (Aubagne).<br \/>\nI then did the first year of the Master\u2019s in Business Management and Strategy at the ESTC via a sandwich-training contract<br \/>\nat La Bureautique, a company specialised in the sale of printing systems; I worked there as a technical and commercial agent.<br \/>\nI continued the second year of the Master\u2019s at the ESTC, also via sandwich training, this time as logistics officer at POLI,\u00a0a company specialised in clothes manufacturing.<br \/>\nAfter I finished my sandwich training and got my degree, POLI hired me as a logistics manager.<br \/>\nI was promoted to sales exports manager and was in that role for 10 years.<\/p>\n<p><strong>What is your current situation?<\/strong><\/p>\n<p>After 12 years at POLI, I was hired by Boll\u00e9 Brands, which is specialised in the distribution of sports accessories (ski helmets, ski sunglasses and ski googles). I\u2019ve worked there as export sales manager for the EMEA zone (Europe, Middle East, Africa and India) since May 2019.<\/p>\n<p><strong>Why did you choose the ESTC to study for your FEDE degree?<\/strong><\/p>\n<p>The ESTC offered an academic programme that went right up to 2<sup>nd<\/sup> year master\u2019s level \u2013 which is where I wanted to get to.<br \/>\nI also liked that the FEDE degree is a recognised European degree \u2013 that was really important for me. Another important consideration was the possibility of sandwich training. In fact, the institution was able to immediately offer me a sandwich-training contract thanks to its contacts.<\/p>\n<p><strong>How has your FEDE degree advanced your career?<\/strong><\/p>\n<p>The lessons I took as part of my FEDE programme helped me to translate my theoretical knowledge into practical skills on the ground. I realised that each subject taught in the programme was relevant to my professional work. The degree is comprehensive and has helped me (it\u2019s still helping me)\u00a0a lot throughout my career.<\/p>\n<p><strong>What is your fondest memory of your time at the ESTC?<\/strong><\/p>\n<p>I\u2019d say the general atmosphere at the institution. The staff are always available to answer students\u2019 questions.\u00a0 Also, the teachers are really good in all the subjects; in particular I\u2019d mention Mr Pierre Breffeuil, former managing director of Procter &amp; Gamble, who taught our strategy and management classes.<br \/>\nMy best memory is obtaining my second year-master\u2019s degree.<br \/>\nIt concluded three years of hard work in collaboration with the institution.<\/p>\n<p><strong>What advice would you give to students currently studying at the ESTC?<\/strong><\/p>\n<p>FEDE degrees are recognised by recruiters. I would recommend studying for your degree at the ESTC because the teachers are really good and you get great supervision from the staff.<br \/>\nThe ESTC is a perfect combination of a good qualification, professional experience and coursework supervision.<br \/>\nThat\u2019s what you need to be 100% ready for the job market and get a great job.<\/p>\n","protected":false},"excerpt":{"rendered":"<p>Meeting with Johan Trapani, former student at ESTC, who remembers fond memories of this school : the nice atmosphere but also and especially, the quality of his training. Can you tell us about your studies and your career so far? Following a BTS in commerce at the Lyc\u00e9e P\u00e9rier, I did a DEESMA at the ESTC via a sandwich-training contract at D\u00e9cathlon (Aubagne). I then did the first year of the Master\u2019s in Business Management and Strategy at the ESTC via a sandwich-training contract at La Bureautique, a company specialised in the sale of printing systems; I worked there as a technical and commercial agent. I continued the second year of the Master\u2019s at the ESTC, also via sandwich training, this time as logistics officer at POLI,\u00a0a company specialised in [&hellip;]<\/p>\n","protected":false},"author":10,"featured_media":34507,"comment_status":"closed","ping_status":"open","sticky":false,"template":"","format":"standard","meta":{"_acf_changed":false,"footnotes":""},"categories":[99],"tags":[111,112,117],"class_list":["post-38141","post","type-post","status-publish","format-standard","has-post-thumbnail","hentry","category-uncategorized","tag-news-fede-en-2","tag-news-en","tag-alumni-interview-en"],"acf":[],"yoast_head":"<!-- This site is optimized with the Yoast SEO plugin v23.5 - https:\/\/yoast.com\/wordpress\/plugins\/seo\/ -->\n<title>Meeting with Johan Trapani, former student at ESTC - FEDE - F\u00e9d\u00e9ration Europ\u00e9enne Des Ecoles<\/title>\n<meta name=\"robots\" content=\"index, follow, max-snippet:-1, max-image-preview:large, max-video-preview:-1\" \/>\n<link rel=\"canonical\" href=\"https:\/\/www.fede.education\/en\/2021\/05\/05\/rencontre-avec-johan-trapani-ancien-etudiant-de-lestc\/\" \/>\n<meta property=\"og:locale\" content=\"en_US\" \/>\n<meta property=\"og:type\" content=\"article\" \/>\n<meta property=\"og:title\" content=\"Meeting with Johan Trapani, former student at ESTC - FEDE - F\u00e9d\u00e9ration Europ\u00e9enne Des Ecoles\" \/>\n<meta property=\"og:description\" content=\"Meeting with Johan Trapani, former student at ESTC, who remembers fond memories of this school : the nice atmosphere but also and especially, the quality of his training. Can you tell us about your studies and your career so far? Following a BTS in commerce at the Lyc\u00e9e P\u00e9rier, I did a DEESMA at the ESTC via a sandwich-training contract at D\u00e9cathlon (Aubagne). I then did the first year of the Master\u2019s in Business Management and Strategy at the ESTC via a sandwich-training contract at La Bureautique, a company specialised in the sale of printing systems; I worked there as a technical and commercial agent. I continued the second year of the Master\u2019s at the ESTC, also via sandwich training, this time as logistics officer at POLI,\u00a0a company specialised in [&hellip;]\" \/>\n<meta property=\"og:url\" content=\"https:\/\/www.fede.education\/en\/2021\/05\/05\/rencontre-avec-johan-trapani-ancien-etudiant-de-lestc\/\" \/>\n<meta property=\"og:site_name\" content=\"FEDE - F\u00e9d\u00e9ration Europ\u00e9enne Des Ecoles\" \/>\n<meta property=\"article:publisher\" content=\"https:\/\/www.facebook.com\/fede.education\" \/>\n<meta property=\"article:published_time\" content=\"2021-05-05T12:55:39+00:00\" \/>\n<meta property=\"article:modified_time\" content=\"2023-02-23T14:26:34+00:00\" \/>\n<meta property=\"og:image\" content=\"https:\/\/www.fede.education\/wp-content\/uploads\/2022\/06\/Johan-Trapani-FEDE.jpg\" \/>\n\t<meta property=\"og:image:width\" content=\"1200\" \/>\n\t<meta property=\"og:image:height\" content=\"627\" \/>\n\t<meta property=\"og:image:type\" content=\"image\/jpeg\" \/>\n<meta name=\"author\" content=\"Trang BUI\" \/>\n<meta name=\"twitter:card\" content=\"summary_large_image\" \/>\n<meta name=\"twitter:creator\" content=\"@FEDE_OING\" \/>\n<meta name=\"twitter:site\" content=\"@FEDE_OING\" \/>\n<meta name=\"twitter:label1\" content=\"Written by\" \/>\n\t<meta name=\"twitter:data1\" content=\"Trang BUI\" \/>\n\t<meta name=\"twitter:label2\" content=\"Est. reading time\" \/>\n\t<meta name=\"twitter:data2\" content=\"3 minutes\" \/>\n<script type=\"application\/ld+json\" class=\"yoast-schema-graph\">{\"@context\":\"https:\/\/schema.org\",\"@graph\":[{\"@type\":\"Article\",\"@id\":\"https:\/\/www.fede.education\/en\/2021\/05\/05\/rencontre-avec-johan-trapani-ancien-etudiant-de-lestc\/#article\",\"isPartOf\":{\"@id\":\"https:\/\/www.fede.education\/en\/2021\/05\/05\/rencontre-avec-johan-trapani-ancien-etudiant-de-lestc\/\"},\"author\":{\"name\":\"Trang BUI\",\"@id\":\"https:\/\/www.fede.education\/#\/schema\/person\/61c51d589cfbfa2aa5a2b91ddf0eb81c\"},\"headline\":\"Meeting with Johan Trapani, former student at ESTC\",\"datePublished\":\"2021-05-05T12:55:39+00:00\",\"dateModified\":\"2023-02-23T14:26:34+00:00\",\"mainEntityOfPage\":{\"@id\":\"https:\/\/www.fede.education\/en\/2021\/05\/05\/rencontre-avec-johan-trapani-ancien-etudiant-de-lestc\/\"},\"wordCount\":528,\"publisher\":{\"@id\":\"https:\/\/www.fede.education\/#organization\"},\"image\":{\"@id\":\"https:\/\/www.fede.education\/en\/2021\/05\/05\/rencontre-avec-johan-trapani-ancien-etudiant-de-lestc\/#primaryimage\"},\"thumbnailUrl\":\"https:\/\/www.fede.education\/wp-content\/uploads\/2022\/06\/Johan-Trapani-FEDE.jpg\",\"keywords\":[\"News FEDE\",\"News\",\"Alumni interviews\"],\"inLanguage\":\"en-US\"},{\"@type\":\"WebPage\",\"@id\":\"https:\/\/www.fede.education\/en\/2021\/05\/05\/rencontre-avec-johan-trapani-ancien-etudiant-de-lestc\/\",\"url\":\"https:\/\/www.fede.education\/en\/2021\/05\/05\/rencontre-avec-johan-trapani-ancien-etudiant-de-lestc\/\",\"name\":\"Meeting with Johan Trapani, former student at ESTC - FEDE - F\u00e9d\u00e9ration Europ\u00e9enne Des Ecoles\",\"isPartOf\":{\"@id\":\"https:\/\/www.fede.education\/#website\"},\"primaryImageOfPage\":{\"@id\":\"https:\/\/www.fede.education\/en\/2021\/05\/05\/rencontre-avec-johan-trapani-ancien-etudiant-de-lestc\/#primaryimage\"},\"image\":{\"@id\":\"https:\/\/www.fede.education\/en\/2021\/05\/05\/rencontre-avec-johan-trapani-ancien-etudiant-de-lestc\/#primaryimage\"},\"thumbnailUrl\":\"https:\/\/www.fede.education\/wp-content\/uploads\/2022\/06\/Johan-Trapani-FEDE.jpg\",\"datePublished\":\"2021-05-05T12:55:39+00:00\",\"dateModified\":\"2023-02-23T14:26:34+00:00\",\"breadcrumb\":{\"@id\":\"https:\/\/www.fede.education\/en\/2021\/05\/05\/rencontre-avec-johan-trapani-ancien-etudiant-de-lestc\/#breadcrumb\"},\"inLanguage\":\"en-US\",\"potentialAction\":[{\"@type\":\"ReadAction\",\"target\":[\"https:\/\/www.fede.education\/en\/2021\/05\/05\/rencontre-avec-johan-trapani-ancien-etudiant-de-lestc\/\"]}]},{\"@type\":\"ImageObject\",\"inLanguage\":\"en-US\",\"@id\":\"https:\/\/www.fede.education\/en\/2021\/05\/05\/rencontre-avec-johan-trapani-ancien-etudiant-de-lestc\/#primaryimage\",\"url\":\"https:\/\/www.fede.education\/wp-content\/uploads\/2022\/06\/Johan-Trapani-FEDE.jpg\",\"contentUrl\":\"https:\/\/www.fede.education\/wp-content\/uploads\/2022\/06\/Johan-Trapani-FEDE.jpg\",\"width\":1200,\"height\":627},{\"@type\":\"BreadcrumbList\",\"@id\":\"https:\/\/www.fede.education\/en\/2021\/05\/05\/rencontre-avec-johan-trapani-ancien-etudiant-de-lestc\/#breadcrumb\",\"itemListElement\":[{\"@type\":\"ListItem\",\"position\":1,\"name\":\"Accueil\",\"item\":\"https:\/\/www.fede.education\/en\/\"},{\"@type\":\"ListItem\",\"position\":2,\"name\":\"Meeting with Johan Trapani, former student at ESTC\"}]},{\"@type\":\"WebSite\",\"@id\":\"https:\/\/www.fede.education\/#website\",\"url\":\"https:\/\/www.fede.education\/\",\"name\":\"FEDE - F\u00e9d\u00e9ration Europ\u00e9enne Des Ecoles\",\"description\":\"\",\"publisher\":{\"@id\":\"https:\/\/www.fede.education\/#organization\"},\"potentialAction\":[{\"@type\":\"SearchAction\",\"target\":{\"@type\":\"EntryPoint\",\"urlTemplate\":\"https:\/\/www.fede.education\/?s={search_term_string}\"},\"query-input\":{\"@type\":\"PropertyValueSpecification\",\"valueRequired\":true,\"valueName\":\"search_term_string\"}}],\"inLanguage\":\"en-US\"},{\"@type\":\"Organization\",\"@id\":\"https:\/\/www.fede.education\/#organization\",\"name\":\"FEDE - F\u00e9d\u00e9ration Europ\u00e9enne Des Ecoles\",\"url\":\"https:\/\/www.fede.education\/\",\"logo\":{\"@type\":\"ImageObject\",\"inLanguage\":\"en-US\",\"@id\":\"https:\/\/www.fede.education\/#\/schema\/logo\/image\/\",\"url\":\"https:\/\/www.fede.education\/wp-content\/uploads\/2022\/08\/cropped-Logo_entete_site_FEDE.png\",\"contentUrl\":\"https:\/\/www.fede.education\/wp-content\/uploads\/2022\/08\/cropped-Logo_entete_site_FEDE.png\",\"width\":512,\"height\":512,\"caption\":\"FEDE - F\u00e9d\u00e9ration Europ\u00e9enne Des Ecoles\"},\"image\":{\"@id\":\"https:\/\/www.fede.education\/#\/schema\/logo\/image\/\"},\"sameAs\":[\"https:\/\/www.facebook.com\/fede.education\",\"https:\/\/x.com\/FEDE_OING\",\"https:\/\/twitter.com\/FEDE_OING\"]},{\"@type\":\"Person\",\"@id\":\"https:\/\/www.fede.education\/#\/schema\/person\/61c51d589cfbfa2aa5a2b91ddf0eb81c\",\"name\":\"Trang BUI\",\"image\":{\"@type\":\"ImageObject\",\"inLanguage\":\"en-US\",\"@id\":\"https:\/\/www.fede.education\/#\/schema\/person\/image\/\",\"url\":\"https:\/\/secure.gravatar.com\/avatar\/e5509f4dff895ea41a5f1ca18bdfc2f4?s=96&d=mm&r=g\",\"contentUrl\":\"https:\/\/secure.gravatar.com\/avatar\/e5509f4dff895ea41a5f1ca18bdfc2f4?s=96&d=mm&r=g\",\"caption\":\"Trang BUI\"},\"url\":\"https:\/\/www.fede.education\/en\/author\/tbui\/\"}]}<\/script>\n<!-- \/ Yoast SEO plugin. -->","yoast_head_json":{"title":"Meeting with Johan Trapani, former student at ESTC - FEDE - F\u00e9d\u00e9ration Europ\u00e9enne Des Ecoles","robots":{"index":"index","follow":"follow","max-snippet":"max-snippet:-1","max-image-preview":"max-image-preview:large","max-video-preview":"max-video-preview:-1"},"canonical":"https:\/\/www.fede.education\/en\/2021\/05\/05\/rencontre-avec-johan-trapani-ancien-etudiant-de-lestc\/","og_locale":"en_US","og_type":"article","og_title":"Meeting with Johan Trapani, former student at ESTC - FEDE - F\u00e9d\u00e9ration Europ\u00e9enne Des Ecoles","og_description":"Meeting with Johan Trapani, former student at ESTC, who remembers fond memories of this school : the nice atmosphere but also and especially, the quality of his training. Can you tell us about your studies and your career so far? Following a BTS in commerce at the Lyc\u00e9e P\u00e9rier, I did a DEESMA at the ESTC via a sandwich-training contract at D\u00e9cathlon (Aubagne). I then did the first year of the Master\u2019s in Business Management and Strategy at the ESTC via a sandwich-training contract at La Bureautique, a company specialised in the sale of printing systems; I worked there as a technical and commercial agent. I continued the second year of the Master\u2019s at the ESTC, also via sandwich training, this time as logistics officer at POLI,\u00a0a company specialised in [&hellip;]","og_url":"https:\/\/www.fede.education\/en\/2021\/05\/05\/rencontre-avec-johan-trapani-ancien-etudiant-de-lestc\/","og_site_name":"FEDE - F\u00e9d\u00e9ration Europ\u00e9enne Des Ecoles","article_publisher":"https:\/\/www.facebook.com\/fede.education","article_published_time":"2021-05-05T12:55:39+00:00","article_modified_time":"2023-02-23T14:26:34+00:00","og_image":[{"width":1200,"height":627,"url":"https:\/\/www.fede.education\/wp-content\/uploads\/2022\/06\/Johan-Trapani-FEDE.jpg","type":"image\/jpeg"}],"author":"Trang BUI","twitter_card":"summary_large_image","twitter_creator":"@FEDE_OING","twitter_site":"@FEDE_OING","twitter_misc":{"Written by":"Trang BUI","Est. reading time":"3 minutes"},"schema":{"@context":"https:\/\/schema.org","@graph":[{"@type":"Article","@id":"https:\/\/www.fede.education\/en\/2021\/05\/05\/rencontre-avec-johan-trapani-ancien-etudiant-de-lestc\/#article","isPartOf":{"@id":"https:\/\/www.fede.education\/en\/2021\/05\/05\/rencontre-avec-johan-trapani-ancien-etudiant-de-lestc\/"},"author":{"name":"Trang BUI","@id":"https:\/\/www.fede.education\/#\/schema\/person\/61c51d589cfbfa2aa5a2b91ddf0eb81c"},"headline":"Meeting with Johan Trapani, former student at ESTC","datePublished":"2021-05-05T12:55:39+00:00","dateModified":"2023-02-23T14:26:34+00:00","mainEntityOfPage":{"@id":"https:\/\/www.fede.education\/en\/2021\/05\/05\/rencontre-avec-johan-trapani-ancien-etudiant-de-lestc\/"},"wordCount":528,"publisher":{"@id":"https:\/\/www.fede.education\/#organization"},"image":{"@id":"https:\/\/www.fede.education\/en\/2021\/05\/05\/rencontre-avec-johan-trapani-ancien-etudiant-de-lestc\/#primaryimage"},"thumbnailUrl":"https:\/\/www.fede.education\/wp-content\/uploads\/2022\/06\/Johan-Trapani-FEDE.jpg","keywords":["News FEDE","News","Alumni interviews"],"inLanguage":"en-US"},{"@type":"WebPage","@id":"https:\/\/www.fede.education\/en\/2021\/05\/05\/rencontre-avec-johan-trapani-ancien-etudiant-de-lestc\/","url":"https:\/\/www.fede.education\/en\/2021\/05\/05\/rencontre-avec-johan-trapani-ancien-etudiant-de-lestc\/","name":"Meeting with Johan Trapani, former student at ESTC - FEDE - F\u00e9d\u00e9ration Europ\u00e9enne Des Ecoles","isPartOf":{"@id":"https:\/\/www.fede.education\/#website"},"primaryImageOfPage":{"@id":"https:\/\/www.fede.education\/en\/2021\/05\/05\/rencontre-avec-johan-trapani-ancien-etudiant-de-lestc\/#primaryimage"},"image":{"@id":"https:\/\/www.fede.education\/en\/2021\/05\/05\/rencontre-avec-johan-trapani-ancien-etudiant-de-lestc\/#primaryimage"},"thumbnailUrl":"https:\/\/www.fede.education\/wp-content\/uploads\/2022\/06\/Johan-Trapani-FEDE.jpg","datePublished":"2021-05-05T12:55:39+00:00","dateModified":"2023-02-23T14:26:34+00:00","breadcrumb":{"@id":"https:\/\/www.fede.education\/en\/2021\/05\/05\/rencontre-avec-johan-trapani-ancien-etudiant-de-lestc\/#breadcrumb"},"inLanguage":"en-US","potentialAction":[{"@type":"ReadAction","target":["https:\/\/www.fede.education\/en\/2021\/05\/05\/rencontre-avec-johan-trapani-ancien-etudiant-de-lestc\/"]}]},{"@type":"ImageObject","inLanguage":"en-US","@id":"https:\/\/www.fede.education\/en\/2021\/05\/05\/rencontre-avec-johan-trapani-ancien-etudiant-de-lestc\/#primaryimage","url":"https:\/\/www.fede.education\/wp-content\/uploads\/2022\/06\/Johan-Trapani-FEDE.jpg","contentUrl":"https:\/\/www.fede.education\/wp-content\/uploads\/2022\/06\/Johan-Trapani-FEDE.jpg","width":1200,"height":627},{"@type":"BreadcrumbList","@id":"https:\/\/www.fede.education\/en\/2021\/05\/05\/rencontre-avec-johan-trapani-ancien-etudiant-de-lestc\/#breadcrumb","itemListElement":[{"@type":"ListItem","position":1,"name":"Accueil","item":"https:\/\/www.fede.education\/en\/"},{"@type":"ListItem","position":2,"name":"Meeting with Johan Trapani, former student at ESTC"}]},{"@type":"WebSite","@id":"https:\/\/www.fede.education\/#website","url":"https:\/\/www.fede.education\/","name":"FEDE - F\u00e9d\u00e9ration Europ\u00e9enne Des Ecoles","description":"","publisher":{"@id":"https:\/\/www.fede.education\/#organization"},"potentialAction":[{"@type":"SearchAction","target":{"@type":"EntryPoint","urlTemplate":"https:\/\/www.fede.education\/?s={search_term_string}"},"query-input":{"@type":"PropertyValueSpecification","valueRequired":true,"valueName":"search_term_string"}}],"inLanguage":"en-US"},{"@type":"Organization","@id":"https:\/\/www.fede.education\/#organization","name":"FEDE - F\u00e9d\u00e9ration Europ\u00e9enne Des Ecoles","url":"https:\/\/www.fede.education\/","logo":{"@type":"ImageObject","inLanguage":"en-US","@id":"https:\/\/www.fede.education\/#\/schema\/logo\/image\/","url":"https:\/\/www.fede.education\/wp-content\/uploads\/2022\/08\/cropped-Logo_entete_site_FEDE.png","contentUrl":"https:\/\/www.fede.education\/wp-content\/uploads\/2022\/08\/cropped-Logo_entete_site_FEDE.png","width":512,"height":512,"caption":"FEDE - F\u00e9d\u00e9ration Europ\u00e9enne Des Ecoles"},"image":{"@id":"https:\/\/www.fede.education\/#\/schema\/logo\/image\/"},"sameAs":["https:\/\/www.facebook.com\/fede.education","https:\/\/x.com\/FEDE_OING","https:\/\/twitter.com\/FEDE_OING"]},{"@type":"Person","@id":"https:\/\/www.fede.education\/#\/schema\/person\/61c51d589cfbfa2aa5a2b91ddf0eb81c","name":"Trang BUI","image":{"@type":"ImageObject","inLanguage":"en-US","@id":"https:\/\/www.fede.education\/#\/schema\/person\/image\/","url":"https:\/\/secure.gravatar.com\/avatar\/e5509f4dff895ea41a5f1ca18bdfc2f4?s=96&d=mm&r=g","contentUrl":"https:\/\/secure.gravatar.com\/avatar\/e5509f4dff895ea41a5f1ca18bdfc2f4?s=96&d=mm&r=g","caption":"Trang BUI"},"url":"https:\/\/www.fede.education\/en\/author\/tbui\/"}]}},"_links":{"self":[{"href":"https:\/\/www.fede.education\/en\/wp-json\/wp\/v2\/posts\/38141"}],"collection":[{"href":"https:\/\/www.fede.education\/en\/wp-json\/wp\/v2\/posts"}],"about":[{"href":"https:\/\/www.fede.education\/en\/wp-json\/wp\/v2\/types\/post"}],"author":[{"embeddable":true,"href":"https:\/\/www.fede.education\/en\/wp-json\/wp\/v2\/users\/10"}],"replies":[{"embeddable":true,"href":"https:\/\/www.fede.education\/en\/wp-json\/wp\/v2\/comments?post=38141"}],"version-history":[{"count":2,"href":"https:\/\/www.fede.education\/en\/wp-json\/wp\/v2\/posts\/38141\/revisions"}],"predecessor-version":[{"id":38145,"href":"https:\/\/www.fede.education\/en\/wp-json\/wp\/v2\/posts\/38141\/revisions\/38145"}],"wp:featuredmedia":[{"embeddable":true,"href":"https:\/\/www.fede.education\/en\/wp-json\/wp\/v2\/media\/34507"}],"wp:attachment":[{"href":"https:\/\/www.fede.education\/en\/wp-json\/wp\/v2\/media?parent=38141"}],"wp:term":[{"taxonomy":"category","embeddable":true,"href":"https:\/\/www.fede.education\/en\/wp-json\/wp\/v2\/categories?post=38141"},{"taxonomy":"post_tag","embeddable":true,"href":"https:\/\/www.fede.education\/en\/wp-json\/wp\/v2\/tags?post=38141"}],"curies":[{"name":"wp","href":"https:\/\/api.w.org\/{rel}","templated":true}]}}