{"id":38147,"date":"2021-05-05T14:17:43","date_gmt":"2021-05-05T12:17:43","guid":{"rendered":"https:\/\/www.fede.education\/2021\/05\/05\/rencontre-avec-un-ancien-etudiant-farid-boutouba\/"},"modified":"2023-02-23T15:26:34","modified_gmt":"2023-02-23T14:26:34","slug":"rencontre-avec-un-ancien-etudiant-farid-boutouba","status":"publish","type":"post","link":"https:\/\/www.fede.education\/en\/2021\/05\/05\/rencontre-avec-un-ancien-etudiant-farid-boutouba\/","title":{"rendered":"Meeting with Farid Boutouba, former student at ESTC"},"content":{"rendered":"<p><strong><em>Graduated from ESTC, Farid Boutouba explains us why he wanted to add the FEDE degree in human resources to his previous studies and\u00a0 how the key skills he developed through the programme enabled him to deeply understand the central role of the HR manager in a company.<\/em><\/strong><\/p>\n<p><strong>Can you tell us what you studied and a little about your career so far?<\/strong><\/p>\n<p>In 2003 I obtained a BTS in Business Unit Management via sandwich training at the Carrefour Marseille Grand Littoral supermarket.\u00a0 For eight years I worked as a product and services vendor. In 2013 I became intern manager for multimedia sales on the same site.<br \/>\nI managed 10 people and a dashboard covering \u20ac8 million of turnover.<br \/>\nFrom 2015 to 2020 I was transferred to Carrefour Beaucaire and became head of sector. I was responsible for 20 members of staff in the non-food section and was in charge of developing the Drive service and organic section.<\/p>\n<p>I now hope to join the Carrefour Franchise and become a company manager and owner of my own business assets.<br \/>\nBut to do this I needed a degree in human resources \u2013 that was one of the conditions for being accepted into the scheme.<br \/>\nThe FEDE programme is a strong addition to my previous studies. I\u2019ve acquired the key skills needed to manage a company and learnt about the rights and obligations of my future colleagues.<\/p>\n<p><strong>What is your current situation?<\/strong><\/p>\n<p>On obtaining the degree I applied to the Carrefour franchise scheme. My application is currently being considered by management<br \/>\nat the Carrefour South-East headquarters. So I\u2019m currently a professional specialised in human resources management.<br \/>\nI mostly work in the supermarket sector.<\/p>\n<p><strong>Why did you choose the ESTC to study for your FEDE degree?<\/strong><\/p>\n<p>I chose to study for my FEDE degree at the ESTC because in 2018 I submitted a \u2018validation of previous experience\u2019 application there.<br \/>\nOne of the programme managers, Ms Ouazzini, explained that my professional skills could be transferred into academic credits and that my experience could be translated into a level-7 professional qualification in commercial development management.<br \/>\nI really liked the close contact with the teaching team and the personalised supervision on offer at the ESTC, so it was obvious to me that I should do my master\u2019s in human resources there.<br \/>\nThe teachers at the ESTC really push their students. They encourage them to develop their ideas fully and have them take part actively in class so as to encourage discussion.<br \/>\nThe case studies and professional role-plays provided by our teachers really add to the quality of the course.<br \/>\nMy professional thesis was supervised by Ms Mallazon, who did a great job and offered me plenty of guidance. The institution is managed by Mr Taxil and Mr Portal. He and the teaching team are brilliant: always on hand to answer your questions and provide explanations.<\/p>\n<p>During the pandemic, the stress amongst the students was palpable. When the government announced a lockdown, the ESTC quickly (the next day) sent us an explanatory email that was very reassuring. We were given a very clear new guidelines for studying. We were able to continue ordinary lessons using Teams Microsoft. Distance learning meant we were all able to continue our studies.<\/p>\n<p><strong>How has your FEDE degree advanced your career?<\/strong><\/p>\n<p>The FEDE degree in Human Resources is really thorough and covers a range of really interesting subjects such as employment law, HR strategy and conflict management in the workplace.<br \/>\nThe subjects we studied, which combine theory and practice, are really useful in the workplace.<br \/>\nThe degree helped me better to understand the essential role of human resources managers in companies and to develop my knowledge of theoretical aspects, which are essential if you want to comply with legislation and increase your professional legitimacy.<\/p>\n<p><strong>What is your fondest memory of your time at the ESTC?<\/strong><\/p>\n<p>At the beginning of the year, the course administrators and a group of students organised a skiing weekend designed to bring together as many students as possible. The trip was forgettable. It really helped to gel us together as group, and we made lots of friends during our short stay.<br \/>\nThe trip helped me better to understand my identity as a student \u2013 which wasn\u2019t necessarily easy since I was older than all the others.<\/p>\n<p><strong>What would be your advice to the ESTC\u2019s current students?<\/strong><\/p>\n<p>I\u2019d advise them to work hard throughout the programme. The programme covers a large range of skills, focussing on skills that are essential if you want to access senior management positions.<\/p>\n","protected":false},"excerpt":{"rendered":"<p>Graduated from ESTC, Farid Boutouba explains us why he wanted to add the FEDE degree in human resources to his previous studies and\u00a0 how the key skills he developed through the programme enabled him to deeply understand the central role of the HR manager in a company. Can you tell us what you studied and a little about your career so far? In 2003 I obtained a BTS in Business Unit Management via sandwich training at the Carrefour Marseille Grand Littoral supermarket.\u00a0 For eight years I worked as a product and services vendor. In 2013 I became intern manager for multimedia sales on the same site. I managed 10 people and a dashboard covering \u20ac8 million of turnover. From 2015 to 2020 I was transferred to Carrefour Beaucaire and became [&hellip;]<\/p>\n","protected":false},"author":10,"featured_media":34495,"comment_status":"closed","ping_status":"open","sticky":false,"template":"","format":"standard","meta":{"_acf_changed":false,"footnotes":""},"categories":[99],"tags":[111,112,117],"class_list":["post-38147","post","type-post","status-publish","format-standard","has-post-thumbnail","hentry","category-uncategorized","tag-news-fede-en-2","tag-news-en","tag-alumni-interview-en"],"acf":[],"yoast_head":"<!-- This site is optimized with the Yoast SEO plugin v23.5 - https:\/\/yoast.com\/wordpress\/plugins\/seo\/ -->\n<title>Meeting with Farid Boutouba, former student at ESTC - FEDE - F\u00e9d\u00e9ration Europ\u00e9enne Des Ecoles<\/title>\n<meta name=\"robots\" content=\"index, follow, max-snippet:-1, max-image-preview:large, max-video-preview:-1\" \/>\n<link rel=\"canonical\" href=\"https:\/\/www.fede.education\/en\/2021\/05\/05\/rencontre-avec-un-ancien-etudiant-farid-boutouba\/\" \/>\n<meta property=\"og:locale\" content=\"en_US\" \/>\n<meta property=\"og:type\" content=\"article\" \/>\n<meta property=\"og:title\" content=\"Meeting with Farid Boutouba, former student at ESTC - FEDE - F\u00e9d\u00e9ration Europ\u00e9enne Des Ecoles\" \/>\n<meta property=\"og:description\" content=\"Graduated from ESTC, Farid Boutouba explains us why he wanted to add the FEDE degree in human resources to his previous studies and\u00a0 how the key skills he developed through the programme enabled him to deeply understand the central role of the HR manager in a company. Can you tell us what you studied and a little about your career so far? In 2003 I obtained a BTS in Business Unit Management via sandwich training at the Carrefour Marseille Grand Littoral supermarket.\u00a0 For eight years I worked as a product and services vendor. In 2013 I became intern manager for multimedia sales on the same site. I managed 10 people and a dashboard covering \u20ac8 million of turnover. From 2015 to 2020 I was transferred to Carrefour Beaucaire and became [&hellip;]\" \/>\n<meta property=\"og:url\" content=\"https:\/\/www.fede.education\/en\/2021\/05\/05\/rencontre-avec-un-ancien-etudiant-farid-boutouba\/\" \/>\n<meta property=\"og:site_name\" content=\"FEDE - F\u00e9d\u00e9ration Europ\u00e9enne Des Ecoles\" \/>\n<meta property=\"article:publisher\" content=\"https:\/\/www.facebook.com\/fede.education\" \/>\n<meta property=\"article:published_time\" content=\"2021-05-05T12:17:43+00:00\" \/>\n<meta property=\"article:modified_time\" content=\"2023-02-23T14:26:34+00:00\" \/>\n<meta property=\"og:image\" content=\"https:\/\/www.fede.education\/wp-content\/uploads\/2022\/06\/Farid-Boutouba-FEDE.jpg\" \/>\n\t<meta property=\"og:image:width\" content=\"1200\" \/>\n\t<meta property=\"og:image:height\" content=\"627\" \/>\n\t<meta property=\"og:image:type\" content=\"image\/jpeg\" \/>\n<meta name=\"author\" content=\"Trang BUI\" \/>\n<meta name=\"twitter:card\" content=\"summary_large_image\" \/>\n<meta name=\"twitter:creator\" content=\"@FEDE_OING\" \/>\n<meta name=\"twitter:site\" content=\"@FEDE_OING\" \/>\n<meta name=\"twitter:label1\" content=\"Written by\" \/>\n\t<meta name=\"twitter:data1\" content=\"Trang BUI\" \/>\n\t<meta name=\"twitter:label2\" content=\"Est. reading time\" \/>\n\t<meta name=\"twitter:data2\" content=\"4 minutes\" \/>\n<script type=\"application\/ld+json\" class=\"yoast-schema-graph\">{\"@context\":\"https:\/\/schema.org\",\"@graph\":[{\"@type\":\"Article\",\"@id\":\"https:\/\/www.fede.education\/en\/2021\/05\/05\/rencontre-avec-un-ancien-etudiant-farid-boutouba\/#article\",\"isPartOf\":{\"@id\":\"https:\/\/www.fede.education\/en\/2021\/05\/05\/rencontre-avec-un-ancien-etudiant-farid-boutouba\/\"},\"author\":{\"name\":\"Trang BUI\",\"@id\":\"https:\/\/www.fede.education\/#\/schema\/person\/61c51d589cfbfa2aa5a2b91ddf0eb81c\"},\"headline\":\"Meeting with Farid Boutouba, former student at ESTC\",\"datePublished\":\"2021-05-05T12:17:43+00:00\",\"dateModified\":\"2023-02-23T14:26:34+00:00\",\"mainEntityOfPage\":{\"@id\":\"https:\/\/www.fede.education\/en\/2021\/05\/05\/rencontre-avec-un-ancien-etudiant-farid-boutouba\/\"},\"wordCount\":761,\"publisher\":{\"@id\":\"https:\/\/www.fede.education\/#organization\"},\"image\":{\"@id\":\"https:\/\/www.fede.education\/en\/2021\/05\/05\/rencontre-avec-un-ancien-etudiant-farid-boutouba\/#primaryimage\"},\"thumbnailUrl\":\"https:\/\/www.fede.education\/wp-content\/uploads\/2022\/06\/Farid-Boutouba-FEDE.jpg\",\"keywords\":[\"News FEDE\",\"News\",\"Alumni interviews\"],\"inLanguage\":\"en-US\"},{\"@type\":\"WebPage\",\"@id\":\"https:\/\/www.fede.education\/en\/2021\/05\/05\/rencontre-avec-un-ancien-etudiant-farid-boutouba\/\",\"url\":\"https:\/\/www.fede.education\/en\/2021\/05\/05\/rencontre-avec-un-ancien-etudiant-farid-boutouba\/\",\"name\":\"Meeting with Farid Boutouba, former student at ESTC - FEDE - F\u00e9d\u00e9ration Europ\u00e9enne Des Ecoles\",\"isPartOf\":{\"@id\":\"https:\/\/www.fede.education\/#website\"},\"primaryImageOfPage\":{\"@id\":\"https:\/\/www.fede.education\/en\/2021\/05\/05\/rencontre-avec-un-ancien-etudiant-farid-boutouba\/#primaryimage\"},\"image\":{\"@id\":\"https:\/\/www.fede.education\/en\/2021\/05\/05\/rencontre-avec-un-ancien-etudiant-farid-boutouba\/#primaryimage\"},\"thumbnailUrl\":\"https:\/\/www.fede.education\/wp-content\/uploads\/2022\/06\/Farid-Boutouba-FEDE.jpg\",\"datePublished\":\"2021-05-05T12:17:43+00:00\",\"dateModified\":\"2023-02-23T14:26:34+00:00\",\"breadcrumb\":{\"@id\":\"https:\/\/www.fede.education\/en\/2021\/05\/05\/rencontre-avec-un-ancien-etudiant-farid-boutouba\/#breadcrumb\"},\"inLanguage\":\"en-US\",\"potentialAction\":[{\"@type\":\"ReadAction\",\"target\":[\"https:\/\/www.fede.education\/en\/2021\/05\/05\/rencontre-avec-un-ancien-etudiant-farid-boutouba\/\"]}]},{\"@type\":\"ImageObject\",\"inLanguage\":\"en-US\",\"@id\":\"https:\/\/www.fede.education\/en\/2021\/05\/05\/rencontre-avec-un-ancien-etudiant-farid-boutouba\/#primaryimage\",\"url\":\"https:\/\/www.fede.education\/wp-content\/uploads\/2022\/06\/Farid-Boutouba-FEDE.jpg\",\"contentUrl\":\"https:\/\/www.fede.education\/wp-content\/uploads\/2022\/06\/Farid-Boutouba-FEDE.jpg\",\"width\":1200,\"height\":627},{\"@type\":\"BreadcrumbList\",\"@id\":\"https:\/\/www.fede.education\/en\/2021\/05\/05\/rencontre-avec-un-ancien-etudiant-farid-boutouba\/#breadcrumb\",\"itemListElement\":[{\"@type\":\"ListItem\",\"position\":1,\"name\":\"Accueil\",\"item\":\"https:\/\/www.fede.education\/en\/\"},{\"@type\":\"ListItem\",\"position\":2,\"name\":\"Meeting with Farid Boutouba, former student at ESTC\"}]},{\"@type\":\"WebSite\",\"@id\":\"https:\/\/www.fede.education\/#website\",\"url\":\"https:\/\/www.fede.education\/\",\"name\":\"FEDE - F\u00e9d\u00e9ration Europ\u00e9enne Des Ecoles\",\"description\":\"\",\"publisher\":{\"@id\":\"https:\/\/www.fede.education\/#organization\"},\"potentialAction\":[{\"@type\":\"SearchAction\",\"target\":{\"@type\":\"EntryPoint\",\"urlTemplate\":\"https:\/\/www.fede.education\/?s={search_term_string}\"},\"query-input\":{\"@type\":\"PropertyValueSpecification\",\"valueRequired\":true,\"valueName\":\"search_term_string\"}}],\"inLanguage\":\"en-US\"},{\"@type\":\"Organization\",\"@id\":\"https:\/\/www.fede.education\/#organization\",\"name\":\"FEDE - F\u00e9d\u00e9ration Europ\u00e9enne Des Ecoles\",\"url\":\"https:\/\/www.fede.education\/\",\"logo\":{\"@type\":\"ImageObject\",\"inLanguage\":\"en-US\",\"@id\":\"https:\/\/www.fede.education\/#\/schema\/logo\/image\/\",\"url\":\"https:\/\/www.fede.education\/wp-content\/uploads\/2022\/08\/cropped-Logo_entete_site_FEDE.png\",\"contentUrl\":\"https:\/\/www.fede.education\/wp-content\/uploads\/2022\/08\/cropped-Logo_entete_site_FEDE.png\",\"width\":512,\"height\":512,\"caption\":\"FEDE - F\u00e9d\u00e9ration Europ\u00e9enne Des Ecoles\"},\"image\":{\"@id\":\"https:\/\/www.fede.education\/#\/schema\/logo\/image\/\"},\"sameAs\":[\"https:\/\/www.facebook.com\/fede.education\",\"https:\/\/x.com\/FEDE_OING\",\"https:\/\/twitter.com\/FEDE_OING\"]},{\"@type\":\"Person\",\"@id\":\"https:\/\/www.fede.education\/#\/schema\/person\/61c51d589cfbfa2aa5a2b91ddf0eb81c\",\"name\":\"Trang BUI\",\"image\":{\"@type\":\"ImageObject\",\"inLanguage\":\"en-US\",\"@id\":\"https:\/\/www.fede.education\/#\/schema\/person\/image\/\",\"url\":\"https:\/\/secure.gravatar.com\/avatar\/e5509f4dff895ea41a5f1ca18bdfc2f4?s=96&d=mm&r=g\",\"contentUrl\":\"https:\/\/secure.gravatar.com\/avatar\/e5509f4dff895ea41a5f1ca18bdfc2f4?s=96&d=mm&r=g\",\"caption\":\"Trang BUI\"},\"url\":\"https:\/\/www.fede.education\/en\/author\/tbui\/\"}]}<\/script>\n<!-- \/ Yoast SEO plugin. -->","yoast_head_json":{"title":"Meeting with Farid Boutouba, former student at ESTC - FEDE - F\u00e9d\u00e9ration Europ\u00e9enne Des Ecoles","robots":{"index":"index","follow":"follow","max-snippet":"max-snippet:-1","max-image-preview":"max-image-preview:large","max-video-preview":"max-video-preview:-1"},"canonical":"https:\/\/www.fede.education\/en\/2021\/05\/05\/rencontre-avec-un-ancien-etudiant-farid-boutouba\/","og_locale":"en_US","og_type":"article","og_title":"Meeting with Farid Boutouba, former student at ESTC - FEDE - F\u00e9d\u00e9ration Europ\u00e9enne Des Ecoles","og_description":"Graduated from ESTC, Farid Boutouba explains us why he wanted to add the FEDE degree in human resources to his previous studies and\u00a0 how the key skills he developed through the programme enabled him to deeply understand the central role of the HR manager in a company. Can you tell us what you studied and a little about your career so far? In 2003 I obtained a BTS in Business Unit Management via sandwich training at the Carrefour Marseille Grand Littoral supermarket.\u00a0 For eight years I worked as a product and services vendor. In 2013 I became intern manager for multimedia sales on the same site. I managed 10 people and a dashboard covering \u20ac8 million of turnover. From 2015 to 2020 I was transferred to Carrefour Beaucaire and became [&hellip;]","og_url":"https:\/\/www.fede.education\/en\/2021\/05\/05\/rencontre-avec-un-ancien-etudiant-farid-boutouba\/","og_site_name":"FEDE - F\u00e9d\u00e9ration Europ\u00e9enne Des Ecoles","article_publisher":"https:\/\/www.facebook.com\/fede.education","article_published_time":"2021-05-05T12:17:43+00:00","article_modified_time":"2023-02-23T14:26:34+00:00","og_image":[{"width":1200,"height":627,"url":"https:\/\/www.fede.education\/wp-content\/uploads\/2022\/06\/Farid-Boutouba-FEDE.jpg","type":"image\/jpeg"}],"author":"Trang BUI","twitter_card":"summary_large_image","twitter_creator":"@FEDE_OING","twitter_site":"@FEDE_OING","twitter_misc":{"Written by":"Trang BUI","Est. reading time":"4 minutes"},"schema":{"@context":"https:\/\/schema.org","@graph":[{"@type":"Article","@id":"https:\/\/www.fede.education\/en\/2021\/05\/05\/rencontre-avec-un-ancien-etudiant-farid-boutouba\/#article","isPartOf":{"@id":"https:\/\/www.fede.education\/en\/2021\/05\/05\/rencontre-avec-un-ancien-etudiant-farid-boutouba\/"},"author":{"name":"Trang BUI","@id":"https:\/\/www.fede.education\/#\/schema\/person\/61c51d589cfbfa2aa5a2b91ddf0eb81c"},"headline":"Meeting with Farid Boutouba, former student at ESTC","datePublished":"2021-05-05T12:17:43+00:00","dateModified":"2023-02-23T14:26:34+00:00","mainEntityOfPage":{"@id":"https:\/\/www.fede.education\/en\/2021\/05\/05\/rencontre-avec-un-ancien-etudiant-farid-boutouba\/"},"wordCount":761,"publisher":{"@id":"https:\/\/www.fede.education\/#organization"},"image":{"@id":"https:\/\/www.fede.education\/en\/2021\/05\/05\/rencontre-avec-un-ancien-etudiant-farid-boutouba\/#primaryimage"},"thumbnailUrl":"https:\/\/www.fede.education\/wp-content\/uploads\/2022\/06\/Farid-Boutouba-FEDE.jpg","keywords":["News FEDE","News","Alumni interviews"],"inLanguage":"en-US"},{"@type":"WebPage","@id":"https:\/\/www.fede.education\/en\/2021\/05\/05\/rencontre-avec-un-ancien-etudiant-farid-boutouba\/","url":"https:\/\/www.fede.education\/en\/2021\/05\/05\/rencontre-avec-un-ancien-etudiant-farid-boutouba\/","name":"Meeting with Farid Boutouba, former student at ESTC - FEDE - F\u00e9d\u00e9ration Europ\u00e9enne Des Ecoles","isPartOf":{"@id":"https:\/\/www.fede.education\/#website"},"primaryImageOfPage":{"@id":"https:\/\/www.fede.education\/en\/2021\/05\/05\/rencontre-avec-un-ancien-etudiant-farid-boutouba\/#primaryimage"},"image":{"@id":"https:\/\/www.fede.education\/en\/2021\/05\/05\/rencontre-avec-un-ancien-etudiant-farid-boutouba\/#primaryimage"},"thumbnailUrl":"https:\/\/www.fede.education\/wp-content\/uploads\/2022\/06\/Farid-Boutouba-FEDE.jpg","datePublished":"2021-05-05T12:17:43+00:00","dateModified":"2023-02-23T14:26:34+00:00","breadcrumb":{"@id":"https:\/\/www.fede.education\/en\/2021\/05\/05\/rencontre-avec-un-ancien-etudiant-farid-boutouba\/#breadcrumb"},"inLanguage":"en-US","potentialAction":[{"@type":"ReadAction","target":["https:\/\/www.fede.education\/en\/2021\/05\/05\/rencontre-avec-un-ancien-etudiant-farid-boutouba\/"]}]},{"@type":"ImageObject","inLanguage":"en-US","@id":"https:\/\/www.fede.education\/en\/2021\/05\/05\/rencontre-avec-un-ancien-etudiant-farid-boutouba\/#primaryimage","url":"https:\/\/www.fede.education\/wp-content\/uploads\/2022\/06\/Farid-Boutouba-FEDE.jpg","contentUrl":"https:\/\/www.fede.education\/wp-content\/uploads\/2022\/06\/Farid-Boutouba-FEDE.jpg","width":1200,"height":627},{"@type":"BreadcrumbList","@id":"https:\/\/www.fede.education\/en\/2021\/05\/05\/rencontre-avec-un-ancien-etudiant-farid-boutouba\/#breadcrumb","itemListElement":[{"@type":"ListItem","position":1,"name":"Accueil","item":"https:\/\/www.fede.education\/en\/"},{"@type":"ListItem","position":2,"name":"Meeting with Farid Boutouba, former student at ESTC"}]},{"@type":"WebSite","@id":"https:\/\/www.fede.education\/#website","url":"https:\/\/www.fede.education\/","name":"FEDE - F\u00e9d\u00e9ration Europ\u00e9enne Des Ecoles","description":"","publisher":{"@id":"https:\/\/www.fede.education\/#organization"},"potentialAction":[{"@type":"SearchAction","target":{"@type":"EntryPoint","urlTemplate":"https:\/\/www.fede.education\/?s={search_term_string}"},"query-input":{"@type":"PropertyValueSpecification","valueRequired":true,"valueName":"search_term_string"}}],"inLanguage":"en-US"},{"@type":"Organization","@id":"https:\/\/www.fede.education\/#organization","name":"FEDE - F\u00e9d\u00e9ration Europ\u00e9enne Des Ecoles","url":"https:\/\/www.fede.education\/","logo":{"@type":"ImageObject","inLanguage":"en-US","@id":"https:\/\/www.fede.education\/#\/schema\/logo\/image\/","url":"https:\/\/www.fede.education\/wp-content\/uploads\/2022\/08\/cropped-Logo_entete_site_FEDE.png","contentUrl":"https:\/\/www.fede.education\/wp-content\/uploads\/2022\/08\/cropped-Logo_entete_site_FEDE.png","width":512,"height":512,"caption":"FEDE - F\u00e9d\u00e9ration Europ\u00e9enne Des Ecoles"},"image":{"@id":"https:\/\/www.fede.education\/#\/schema\/logo\/image\/"},"sameAs":["https:\/\/www.facebook.com\/fede.education","https:\/\/x.com\/FEDE_OING","https:\/\/twitter.com\/FEDE_OING"]},{"@type":"Person","@id":"https:\/\/www.fede.education\/#\/schema\/person\/61c51d589cfbfa2aa5a2b91ddf0eb81c","name":"Trang BUI","image":{"@type":"ImageObject","inLanguage":"en-US","@id":"https:\/\/www.fede.education\/#\/schema\/person\/image\/","url":"https:\/\/secure.gravatar.com\/avatar\/e5509f4dff895ea41a5f1ca18bdfc2f4?s=96&d=mm&r=g","contentUrl":"https:\/\/secure.gravatar.com\/avatar\/e5509f4dff895ea41a5f1ca18bdfc2f4?s=96&d=mm&r=g","caption":"Trang BUI"},"url":"https:\/\/www.fede.education\/en\/author\/tbui\/"}]}},"_links":{"self":[{"href":"https:\/\/www.fede.education\/en\/wp-json\/wp\/v2\/posts\/38147"}],"collection":[{"href":"https:\/\/www.fede.education\/en\/wp-json\/wp\/v2\/posts"}],"about":[{"href":"https:\/\/www.fede.education\/en\/wp-json\/wp\/v2\/types\/post"}],"author":[{"embeddable":true,"href":"https:\/\/www.fede.education\/en\/wp-json\/wp\/v2\/users\/10"}],"replies":[{"embeddable":true,"href":"https:\/\/www.fede.education\/en\/wp-json\/wp\/v2\/comments?post=38147"}],"version-history":[{"count":2,"href":"https:\/\/www.fede.education\/en\/wp-json\/wp\/v2\/posts\/38147\/revisions"}],"predecessor-version":[{"id":38151,"href":"https:\/\/www.fede.education\/en\/wp-json\/wp\/v2\/posts\/38147\/revisions\/38151"}],"wp:featuredmedia":[{"embeddable":true,"href":"https:\/\/www.fede.education\/en\/wp-json\/wp\/v2\/media\/34495"}],"wp:attachment":[{"href":"https:\/\/www.fede.education\/en\/wp-json\/wp\/v2\/media?parent=38147"}],"wp:term":[{"taxonomy":"category","embeddable":true,"href":"https:\/\/www.fede.education\/en\/wp-json\/wp\/v2\/categories?post=38147"},{"taxonomy":"post_tag","embeddable":true,"href":"https:\/\/www.fede.education\/en\/wp-json\/wp\/v2\/tags?post=38147"}],"curies":[{"name":"wp","href":"https:\/\/api.w.org\/{rel}","templated":true}]}}