{"id":38153,"date":"2021-05-05T14:04:33","date_gmt":"2021-05-05T12:04:33","guid":{"rendered":"https:\/\/www.fede.education\/2021\/05\/05\/rencontre-avec-bastien-liebgott-ancien-etudiant-de-lecole-grandjean\/"},"modified":"2023-02-23T15:26:35","modified_gmt":"2023-02-23T14:26:35","slug":"rencontre-avec-bastien-liebgott-ancien-etudiant-de-lecole-grandjean","status":"publish","type":"post","link":"https:\/\/www.fede.education\/en\/2021\/05\/05\/rencontre-avec-bastien-liebgott-ancien-etudiant-de-lecole-grandjean\/","title":{"rendered":"Meeting with Bastien Liebgott, former student at the Ecole Grand Jean"},"content":{"rendered":"<p><strong><em>Meet Bastien Liebgott, former student at the Ecole Grand Jean who graduated from the FEDE European Master\u2019s in Business Management and Strategy. Constantly drawn to new challenges, he wanted to broaden his field of expertise. His technical IT skills together with his marketing profile enabled him to set up his own company, WEBAST, which combines the two sectors.<\/em><\/strong><\/p>\n<p><strong>Can you tell us about your studies and career so far?\u00a0\u00a0\u00a0\u00a0 <\/strong><\/p>\n<p>When I enrolled at the Ecole Grandjean, where I got my FEDE degree, I already had a BTS in IT (network management).<br \/>\nAt the time I didn\u2019t have a lot of knowledge of areas over than IT and I wanted to add a commercial\/marketing\/sales dimension to my profile. So I enrolled at the Ecole Grandjean to do a European Master\u2019s in Business Management and Strategy.<br \/>\nWhen I started applying for jobs, I was able to emphasise that I had both technical IT skills and the business knowledge I\u2019d gained at Grandjean.<br \/>\nI worked for four years as account manager at Bechtle (an IT distributor based in Molsheim). This was a commercial position:\u00a0I was in charge of managing a large portfolio of clients. My managers quickly learnt to trust me and I advanced very quickly within the company.<\/p>\n<p><strong>What is your current situation?<\/strong><\/p>\n<p>In 2019 I went to Canada. I was keen for a new challenge and to advance my career in a new direction.<br \/>\nI took courses in SEO (natural indexing), SEM (paid indexing) and website creation. I then found a post as an SEO strategist.<br \/>\nI went on to create an individual business in 2020 (<a href=\"https:\/\/agence-webast.fr\/\">https:\/\/agence-webast.fr<\/a>) I offer web, SEO, SEM and tailor-made website creation services. This is possible thanks to my dual technical (IT) and marketing profile. The business is going well: in one year, over 10 clients have decided to use my services (projects and subscriptions in my field are big ones).<br \/>\nI\u2019m currently both working as SEO strategist and running my business on the side.<\/p>\n<p><strong>Why did you choose the Ecole Grandjean to study for your FEDE degree?\u00a0 <\/strong><\/p>\n<p>A friend of mine had told me that the Ecole Grandjean was a really nice place to study. I wanted to study marketing and commerce, but I was reluctant to enrol at one of the leading business schools [the French <em>grandes \u00e9coles<\/em>] because I associate them with an arrogant attitude. I prefer a simple, family-like atmosphere that you can find in a smaller, friendly institution like Grandjean. I have no regrets!<\/p>\n<p><strong>How has your FEDE degree advanced your career?\u00a0\u00a0\u00a0\u00a0 <\/strong><\/p>\n<p>The knowledge of marketing and commerce that I acquired in studying for my FEDE degree were a springboard and have allowed me to develop my career to the full. Indeed, have ended up doing marketing within IT &#8211; SEO\/SEM.<br \/>\nThe marketing course content, and the simple and realistic approach taken by the programme, helped me to acquire the knowledge needed for my current job role and my business.<\/p>\n<p><strong>What is your fondest memory of your time at the Ecole Grandjean ? <\/strong><\/p>\n<p>I remember friendly relations with the teachers, who would sometimes have a drink with us and who let us into their professional worlds so that we could understand how everything worked.<br \/>\nAnother thing I\u2019d mention is the lack of competition: all of the students helped one another and were keen to learn. There was no sense of competition between us.<\/p>\n<p><strong>What would be your advice to the Ecole Grandjean\u2019s current students?\u00a0\u00a0\u00a0\u00a0\u00a0\u00a0 <\/strong><\/p>\n<p>Believe in yourself and you\u2019ll have lots of dreams! You just need to be patient, work hard, study and apply what you learn!<\/p>\n","protected":false},"excerpt":{"rendered":"<p>Meet Bastien Liebgott, former student at the Ecole Grand Jean who graduated from the FEDE European Master\u2019s in Business Management and Strategy. Constantly drawn to new challenges, he wanted to broaden his field of expertise. His technical IT skills together with his marketing profile enabled him to set up his own company, WEBAST, which combines the two sectors. Can you tell us about your studies and career so far?\u00a0\u00a0\u00a0\u00a0 When I enrolled at the Ecole Grandjean, where I got my FEDE degree, I already had a BTS in IT (network management). At the time I didn\u2019t have a lot of knowledge of areas over than IT and I wanted to add a commercial\/marketing\/sales dimension to my profile. So I enrolled at the Ecole Grandjean to do a European Master\u2019s in [&hellip;]<\/p>\n","protected":false},"author":10,"featured_media":34491,"comment_status":"closed","ping_status":"open","sticky":false,"template":"","format":"standard","meta":{"_acf_changed":false,"footnotes":""},"categories":[99],"tags":[111,112,117],"class_list":["post-38153","post","type-post","status-publish","format-standard","has-post-thumbnail","hentry","category-uncategorized","tag-news-fede-en-2","tag-news-en","tag-alumni-interview-en"],"acf":[],"yoast_head":"<!-- This site is optimized with the Yoast SEO plugin v23.5 - https:\/\/yoast.com\/wordpress\/plugins\/seo\/ -->\n<title>Meeting with Bastien Liebgott, former student at the Ecole Grand Jean - FEDE - F\u00e9d\u00e9ration Europ\u00e9enne Des Ecoles<\/title>\n<meta name=\"robots\" content=\"index, follow, max-snippet:-1, max-image-preview:large, max-video-preview:-1\" \/>\n<link rel=\"canonical\" href=\"https:\/\/www.fede.education\/en\/2021\/05\/05\/rencontre-avec-bastien-liebgott-ancien-etudiant-de-lecole-grandjean\/\" \/>\n<meta property=\"og:locale\" content=\"en_US\" \/>\n<meta property=\"og:type\" content=\"article\" \/>\n<meta property=\"og:title\" content=\"Meeting with Bastien Liebgott, former student at the Ecole Grand Jean - FEDE - F\u00e9d\u00e9ration Europ\u00e9enne Des Ecoles\" \/>\n<meta property=\"og:description\" content=\"Meet Bastien Liebgott, former student at the Ecole Grand Jean who graduated from the FEDE European Master\u2019s in Business Management and Strategy. Constantly drawn to new challenges, he wanted to broaden his field of expertise. His technical IT skills together with his marketing profile enabled him to set up his own company, WEBAST, which combines the two sectors. Can you tell us about your studies and career so far?\u00a0\u00a0\u00a0\u00a0 When I enrolled at the Ecole Grandjean, where I got my FEDE degree, I already had a BTS in IT (network management). At the time I didn\u2019t have a lot of knowledge of areas over than IT and I wanted to add a commercial\/marketing\/sales dimension to my profile. So I enrolled at the Ecole Grandjean to do a European Master\u2019s in [&hellip;]\" \/>\n<meta property=\"og:url\" content=\"https:\/\/www.fede.education\/en\/2021\/05\/05\/rencontre-avec-bastien-liebgott-ancien-etudiant-de-lecole-grandjean\/\" \/>\n<meta property=\"og:site_name\" content=\"FEDE - F\u00e9d\u00e9ration Europ\u00e9enne Des Ecoles\" \/>\n<meta property=\"article:publisher\" content=\"https:\/\/www.facebook.com\/fede.education\" \/>\n<meta property=\"article:published_time\" content=\"2021-05-05T12:04:33+00:00\" \/>\n<meta property=\"article:modified_time\" content=\"2023-02-23T14:26:35+00:00\" \/>\n<meta property=\"og:image\" content=\"https:\/\/www.fede.education\/wp-content\/uploads\/2022\/06\/Bastien-Liebgott-FEDE-Alumni1.jpg\" \/>\n\t<meta property=\"og:image:width\" content=\"1200\" \/>\n\t<meta property=\"og:image:height\" content=\"627\" \/>\n\t<meta property=\"og:image:type\" content=\"image\/jpeg\" \/>\n<meta name=\"author\" content=\"Trang BUI\" \/>\n<meta name=\"twitter:card\" content=\"summary_large_image\" \/>\n<meta name=\"twitter:creator\" content=\"@FEDE_OING\" \/>\n<meta name=\"twitter:site\" content=\"@FEDE_OING\" \/>\n<meta name=\"twitter:label1\" content=\"Written by\" \/>\n\t<meta name=\"twitter:data1\" content=\"Trang BUI\" \/>\n\t<meta name=\"twitter:label2\" content=\"Est. reading time\" \/>\n\t<meta name=\"twitter:data2\" content=\"3 minutes\" \/>\n<script type=\"application\/ld+json\" class=\"yoast-schema-graph\">{\"@context\":\"https:\/\/schema.org\",\"@graph\":[{\"@type\":\"Article\",\"@id\":\"https:\/\/www.fede.education\/en\/2021\/05\/05\/rencontre-avec-bastien-liebgott-ancien-etudiant-de-lecole-grandjean\/#article\",\"isPartOf\":{\"@id\":\"https:\/\/www.fede.education\/en\/2021\/05\/05\/rencontre-avec-bastien-liebgott-ancien-etudiant-de-lecole-grandjean\/\"},\"author\":{\"name\":\"Trang BUI\",\"@id\":\"https:\/\/www.fede.education\/#\/schema\/person\/61c51d589cfbfa2aa5a2b91ddf0eb81c\"},\"headline\":\"Meeting with Bastien Liebgott, former student at the Ecole Grand Jean\",\"datePublished\":\"2021-05-05T12:04:33+00:00\",\"dateModified\":\"2023-02-23T14:26:35+00:00\",\"mainEntityOfPage\":{\"@id\":\"https:\/\/www.fede.education\/en\/2021\/05\/05\/rencontre-avec-bastien-liebgott-ancien-etudiant-de-lecole-grandjean\/\"},\"wordCount\":616,\"publisher\":{\"@id\":\"https:\/\/www.fede.education\/#organization\"},\"image\":{\"@id\":\"https:\/\/www.fede.education\/en\/2021\/05\/05\/rencontre-avec-bastien-liebgott-ancien-etudiant-de-lecole-grandjean\/#primaryimage\"},\"thumbnailUrl\":\"https:\/\/www.fede.education\/wp-content\/uploads\/2022\/06\/Bastien-Liebgott-FEDE-Alumni1.jpg\",\"keywords\":[\"News FEDE\",\"News\",\"Alumni interviews\"],\"inLanguage\":\"en-US\"},{\"@type\":\"WebPage\",\"@id\":\"https:\/\/www.fede.education\/en\/2021\/05\/05\/rencontre-avec-bastien-liebgott-ancien-etudiant-de-lecole-grandjean\/\",\"url\":\"https:\/\/www.fede.education\/en\/2021\/05\/05\/rencontre-avec-bastien-liebgott-ancien-etudiant-de-lecole-grandjean\/\",\"name\":\"Meeting with Bastien Liebgott, former student at the Ecole Grand Jean - FEDE - F\u00e9d\u00e9ration Europ\u00e9enne Des Ecoles\",\"isPartOf\":{\"@id\":\"https:\/\/www.fede.education\/#website\"},\"primaryImageOfPage\":{\"@id\":\"https:\/\/www.fede.education\/en\/2021\/05\/05\/rencontre-avec-bastien-liebgott-ancien-etudiant-de-lecole-grandjean\/#primaryimage\"},\"image\":{\"@id\":\"https:\/\/www.fede.education\/en\/2021\/05\/05\/rencontre-avec-bastien-liebgott-ancien-etudiant-de-lecole-grandjean\/#primaryimage\"},\"thumbnailUrl\":\"https:\/\/www.fede.education\/wp-content\/uploads\/2022\/06\/Bastien-Liebgott-FEDE-Alumni1.jpg\",\"datePublished\":\"2021-05-05T12:04:33+00:00\",\"dateModified\":\"2023-02-23T14:26:35+00:00\",\"breadcrumb\":{\"@id\":\"https:\/\/www.fede.education\/en\/2021\/05\/05\/rencontre-avec-bastien-liebgott-ancien-etudiant-de-lecole-grandjean\/#breadcrumb\"},\"inLanguage\":\"en-US\",\"potentialAction\":[{\"@type\":\"ReadAction\",\"target\":[\"https:\/\/www.fede.education\/en\/2021\/05\/05\/rencontre-avec-bastien-liebgott-ancien-etudiant-de-lecole-grandjean\/\"]}]},{\"@type\":\"ImageObject\",\"inLanguage\":\"en-US\",\"@id\":\"https:\/\/www.fede.education\/en\/2021\/05\/05\/rencontre-avec-bastien-liebgott-ancien-etudiant-de-lecole-grandjean\/#primaryimage\",\"url\":\"https:\/\/www.fede.education\/wp-content\/uploads\/2022\/06\/Bastien-Liebgott-FEDE-Alumni1.jpg\",\"contentUrl\":\"https:\/\/www.fede.education\/wp-content\/uploads\/2022\/06\/Bastien-Liebgott-FEDE-Alumni1.jpg\",\"width\":1200,\"height\":627},{\"@type\":\"BreadcrumbList\",\"@id\":\"https:\/\/www.fede.education\/en\/2021\/05\/05\/rencontre-avec-bastien-liebgott-ancien-etudiant-de-lecole-grandjean\/#breadcrumb\",\"itemListElement\":[{\"@type\":\"ListItem\",\"position\":1,\"name\":\"Accueil\",\"item\":\"https:\/\/www.fede.education\/en\/\"},{\"@type\":\"ListItem\",\"position\":2,\"name\":\"Meeting with Bastien Liebgott, former student at the Ecole Grand Jean\"}]},{\"@type\":\"WebSite\",\"@id\":\"https:\/\/www.fede.education\/#website\",\"url\":\"https:\/\/www.fede.education\/\",\"name\":\"FEDE - F\u00e9d\u00e9ration Europ\u00e9enne Des Ecoles\",\"description\":\"\",\"publisher\":{\"@id\":\"https:\/\/www.fede.education\/#organization\"},\"potentialAction\":[{\"@type\":\"SearchAction\",\"target\":{\"@type\":\"EntryPoint\",\"urlTemplate\":\"https:\/\/www.fede.education\/?s={search_term_string}\"},\"query-input\":{\"@type\":\"PropertyValueSpecification\",\"valueRequired\":true,\"valueName\":\"search_term_string\"}}],\"inLanguage\":\"en-US\"},{\"@type\":\"Organization\",\"@id\":\"https:\/\/www.fede.education\/#organization\",\"name\":\"FEDE - F\u00e9d\u00e9ration Europ\u00e9enne Des Ecoles\",\"url\":\"https:\/\/www.fede.education\/\",\"logo\":{\"@type\":\"ImageObject\",\"inLanguage\":\"en-US\",\"@id\":\"https:\/\/www.fede.education\/#\/schema\/logo\/image\/\",\"url\":\"https:\/\/www.fede.education\/wp-content\/uploads\/2022\/08\/cropped-Logo_entete_site_FEDE.png\",\"contentUrl\":\"https:\/\/www.fede.education\/wp-content\/uploads\/2022\/08\/cropped-Logo_entete_site_FEDE.png\",\"width\":512,\"height\":512,\"caption\":\"FEDE - F\u00e9d\u00e9ration Europ\u00e9enne Des Ecoles\"},\"image\":{\"@id\":\"https:\/\/www.fede.education\/#\/schema\/logo\/image\/\"},\"sameAs\":[\"https:\/\/www.facebook.com\/fede.education\",\"https:\/\/x.com\/FEDE_OING\",\"https:\/\/twitter.com\/FEDE_OING\"]},{\"@type\":\"Person\",\"@id\":\"https:\/\/www.fede.education\/#\/schema\/person\/61c51d589cfbfa2aa5a2b91ddf0eb81c\",\"name\":\"Trang BUI\",\"image\":{\"@type\":\"ImageObject\",\"inLanguage\":\"en-US\",\"@id\":\"https:\/\/www.fede.education\/#\/schema\/person\/image\/\",\"url\":\"https:\/\/secure.gravatar.com\/avatar\/e5509f4dff895ea41a5f1ca18bdfc2f4?s=96&d=mm&r=g\",\"contentUrl\":\"https:\/\/secure.gravatar.com\/avatar\/e5509f4dff895ea41a5f1ca18bdfc2f4?s=96&d=mm&r=g\",\"caption\":\"Trang BUI\"},\"url\":\"https:\/\/www.fede.education\/en\/author\/tbui\/\"}]}<\/script>\n<!-- \/ Yoast SEO plugin. -->","yoast_head_json":{"title":"Meeting with Bastien Liebgott, former student at the Ecole Grand Jean - FEDE - F\u00e9d\u00e9ration Europ\u00e9enne Des Ecoles","robots":{"index":"index","follow":"follow","max-snippet":"max-snippet:-1","max-image-preview":"max-image-preview:large","max-video-preview":"max-video-preview:-1"},"canonical":"https:\/\/www.fede.education\/en\/2021\/05\/05\/rencontre-avec-bastien-liebgott-ancien-etudiant-de-lecole-grandjean\/","og_locale":"en_US","og_type":"article","og_title":"Meeting with Bastien Liebgott, former student at the Ecole Grand Jean - FEDE - F\u00e9d\u00e9ration Europ\u00e9enne Des Ecoles","og_description":"Meet Bastien Liebgott, former student at the Ecole Grand Jean who graduated from the FEDE European Master\u2019s in Business Management and Strategy. Constantly drawn to new challenges, he wanted to broaden his field of expertise. His technical IT skills together with his marketing profile enabled him to set up his own company, WEBAST, which combines the two sectors. Can you tell us about your studies and career so far?\u00a0\u00a0\u00a0\u00a0 When I enrolled at the Ecole Grandjean, where I got my FEDE degree, I already had a BTS in IT (network management). At the time I didn\u2019t have a lot of knowledge of areas over than IT and I wanted to add a commercial\/marketing\/sales dimension to my profile. So I enrolled at the Ecole Grandjean to do a European Master\u2019s in [&hellip;]","og_url":"https:\/\/www.fede.education\/en\/2021\/05\/05\/rencontre-avec-bastien-liebgott-ancien-etudiant-de-lecole-grandjean\/","og_site_name":"FEDE - F\u00e9d\u00e9ration Europ\u00e9enne Des Ecoles","article_publisher":"https:\/\/www.facebook.com\/fede.education","article_published_time":"2021-05-05T12:04:33+00:00","article_modified_time":"2023-02-23T14:26:35+00:00","og_image":[{"width":1200,"height":627,"url":"https:\/\/www.fede.education\/wp-content\/uploads\/2022\/06\/Bastien-Liebgott-FEDE-Alumni1.jpg","type":"image\/jpeg"}],"author":"Trang BUI","twitter_card":"summary_large_image","twitter_creator":"@FEDE_OING","twitter_site":"@FEDE_OING","twitter_misc":{"Written by":"Trang BUI","Est. reading time":"3 minutes"},"schema":{"@context":"https:\/\/schema.org","@graph":[{"@type":"Article","@id":"https:\/\/www.fede.education\/en\/2021\/05\/05\/rencontre-avec-bastien-liebgott-ancien-etudiant-de-lecole-grandjean\/#article","isPartOf":{"@id":"https:\/\/www.fede.education\/en\/2021\/05\/05\/rencontre-avec-bastien-liebgott-ancien-etudiant-de-lecole-grandjean\/"},"author":{"name":"Trang BUI","@id":"https:\/\/www.fede.education\/#\/schema\/person\/61c51d589cfbfa2aa5a2b91ddf0eb81c"},"headline":"Meeting with Bastien Liebgott, former student at the Ecole Grand Jean","datePublished":"2021-05-05T12:04:33+00:00","dateModified":"2023-02-23T14:26:35+00:00","mainEntityOfPage":{"@id":"https:\/\/www.fede.education\/en\/2021\/05\/05\/rencontre-avec-bastien-liebgott-ancien-etudiant-de-lecole-grandjean\/"},"wordCount":616,"publisher":{"@id":"https:\/\/www.fede.education\/#organization"},"image":{"@id":"https:\/\/www.fede.education\/en\/2021\/05\/05\/rencontre-avec-bastien-liebgott-ancien-etudiant-de-lecole-grandjean\/#primaryimage"},"thumbnailUrl":"https:\/\/www.fede.education\/wp-content\/uploads\/2022\/06\/Bastien-Liebgott-FEDE-Alumni1.jpg","keywords":["News FEDE","News","Alumni interviews"],"inLanguage":"en-US"},{"@type":"WebPage","@id":"https:\/\/www.fede.education\/en\/2021\/05\/05\/rencontre-avec-bastien-liebgott-ancien-etudiant-de-lecole-grandjean\/","url":"https:\/\/www.fede.education\/en\/2021\/05\/05\/rencontre-avec-bastien-liebgott-ancien-etudiant-de-lecole-grandjean\/","name":"Meeting with Bastien Liebgott, former student at the Ecole Grand Jean - FEDE - F\u00e9d\u00e9ration Europ\u00e9enne Des Ecoles","isPartOf":{"@id":"https:\/\/www.fede.education\/#website"},"primaryImageOfPage":{"@id":"https:\/\/www.fede.education\/en\/2021\/05\/05\/rencontre-avec-bastien-liebgott-ancien-etudiant-de-lecole-grandjean\/#primaryimage"},"image":{"@id":"https:\/\/www.fede.education\/en\/2021\/05\/05\/rencontre-avec-bastien-liebgott-ancien-etudiant-de-lecole-grandjean\/#primaryimage"},"thumbnailUrl":"https:\/\/www.fede.education\/wp-content\/uploads\/2022\/06\/Bastien-Liebgott-FEDE-Alumni1.jpg","datePublished":"2021-05-05T12:04:33+00:00","dateModified":"2023-02-23T14:26:35+00:00","breadcrumb":{"@id":"https:\/\/www.fede.education\/en\/2021\/05\/05\/rencontre-avec-bastien-liebgott-ancien-etudiant-de-lecole-grandjean\/#breadcrumb"},"inLanguage":"en-US","potentialAction":[{"@type":"ReadAction","target":["https:\/\/www.fede.education\/en\/2021\/05\/05\/rencontre-avec-bastien-liebgott-ancien-etudiant-de-lecole-grandjean\/"]}]},{"@type":"ImageObject","inLanguage":"en-US","@id":"https:\/\/www.fede.education\/en\/2021\/05\/05\/rencontre-avec-bastien-liebgott-ancien-etudiant-de-lecole-grandjean\/#primaryimage","url":"https:\/\/www.fede.education\/wp-content\/uploads\/2022\/06\/Bastien-Liebgott-FEDE-Alumni1.jpg","contentUrl":"https:\/\/www.fede.education\/wp-content\/uploads\/2022\/06\/Bastien-Liebgott-FEDE-Alumni1.jpg","width":1200,"height":627},{"@type":"BreadcrumbList","@id":"https:\/\/www.fede.education\/en\/2021\/05\/05\/rencontre-avec-bastien-liebgott-ancien-etudiant-de-lecole-grandjean\/#breadcrumb","itemListElement":[{"@type":"ListItem","position":1,"name":"Accueil","item":"https:\/\/www.fede.education\/en\/"},{"@type":"ListItem","position":2,"name":"Meeting with Bastien Liebgott, former student at the Ecole Grand Jean"}]},{"@type":"WebSite","@id":"https:\/\/www.fede.education\/#website","url":"https:\/\/www.fede.education\/","name":"FEDE - F\u00e9d\u00e9ration Europ\u00e9enne Des Ecoles","description":"","publisher":{"@id":"https:\/\/www.fede.education\/#organization"},"potentialAction":[{"@type":"SearchAction","target":{"@type":"EntryPoint","urlTemplate":"https:\/\/www.fede.education\/?s={search_term_string}"},"query-input":{"@type":"PropertyValueSpecification","valueRequired":true,"valueName":"search_term_string"}}],"inLanguage":"en-US"},{"@type":"Organization","@id":"https:\/\/www.fede.education\/#organization","name":"FEDE - F\u00e9d\u00e9ration Europ\u00e9enne Des Ecoles","url":"https:\/\/www.fede.education\/","logo":{"@type":"ImageObject","inLanguage":"en-US","@id":"https:\/\/www.fede.education\/#\/schema\/logo\/image\/","url":"https:\/\/www.fede.education\/wp-content\/uploads\/2022\/08\/cropped-Logo_entete_site_FEDE.png","contentUrl":"https:\/\/www.fede.education\/wp-content\/uploads\/2022\/08\/cropped-Logo_entete_site_FEDE.png","width":512,"height":512,"caption":"FEDE - F\u00e9d\u00e9ration Europ\u00e9enne Des Ecoles"},"image":{"@id":"https:\/\/www.fede.education\/#\/schema\/logo\/image\/"},"sameAs":["https:\/\/www.facebook.com\/fede.education","https:\/\/x.com\/FEDE_OING","https:\/\/twitter.com\/FEDE_OING"]},{"@type":"Person","@id":"https:\/\/www.fede.education\/#\/schema\/person\/61c51d589cfbfa2aa5a2b91ddf0eb81c","name":"Trang BUI","image":{"@type":"ImageObject","inLanguage":"en-US","@id":"https:\/\/www.fede.education\/#\/schema\/person\/image\/","url":"https:\/\/secure.gravatar.com\/avatar\/e5509f4dff895ea41a5f1ca18bdfc2f4?s=96&d=mm&r=g","contentUrl":"https:\/\/secure.gravatar.com\/avatar\/e5509f4dff895ea41a5f1ca18bdfc2f4?s=96&d=mm&r=g","caption":"Trang BUI"},"url":"https:\/\/www.fede.education\/en\/author\/tbui\/"}]}},"_links":{"self":[{"href":"https:\/\/www.fede.education\/en\/wp-json\/wp\/v2\/posts\/38153"}],"collection":[{"href":"https:\/\/www.fede.education\/en\/wp-json\/wp\/v2\/posts"}],"about":[{"href":"https:\/\/www.fede.education\/en\/wp-json\/wp\/v2\/types\/post"}],"author":[{"embeddable":true,"href":"https:\/\/www.fede.education\/en\/wp-json\/wp\/v2\/users\/10"}],"replies":[{"embeddable":true,"href":"https:\/\/www.fede.education\/en\/wp-json\/wp\/v2\/comments?post=38153"}],"version-history":[{"count":1,"href":"https:\/\/www.fede.education\/en\/wp-json\/wp\/v2\/posts\/38153\/revisions"}],"predecessor-version":[{"id":38157,"href":"https:\/\/www.fede.education\/en\/wp-json\/wp\/v2\/posts\/38153\/revisions\/38157"}],"wp:featuredmedia":[{"embeddable":true,"href":"https:\/\/www.fede.education\/en\/wp-json\/wp\/v2\/media\/34491"}],"wp:attachment":[{"href":"https:\/\/www.fede.education\/en\/wp-json\/wp\/v2\/media?parent=38153"}],"wp:term":[{"taxonomy":"category","embeddable":true,"href":"https:\/\/www.fede.education\/en\/wp-json\/wp\/v2\/categories?post=38153"},{"taxonomy":"post_tag","embeddable":true,"href":"https:\/\/www.fede.education\/en\/wp-json\/wp\/v2\/tags?post=38153"}],"curies":[{"name":"wp","href":"https:\/\/api.w.org\/{rel}","templated":true}]}}