{"id":38182,"date":"2021-02-15T17:26:19","date_gmt":"2021-02-15T16:26:19","guid":{"rendered":"https:\/\/www.fede.education\/2021\/02\/15\/madame-nadine-soupama-directrice-de-linstitut-prive-denseignement-superieur\/"},"modified":"2024-01-26T14:37:31","modified_gmt":"2024-01-26T13:37:31","slug":"madame-nadine-soupama-directrice-de-linstitut-prive-denseignement-superieur","status":"publish","type":"post","link":"https:\/\/www.fede.education\/en\/2021\/02\/15\/madame-nadine-soupama-directrice-de-linstitut-prive-denseignement-superieur\/","title":{"rendered":"Interview with Mrs. Nadine Soupama"},"content":{"rendered":"<p>A quick, sunny stopover in Martinique: we meet Ms Nadine Soupama, director of the Private Higher Educational Institution (law, finance and economics).<\/p>\n<p><strong>You offer courses in finance, law and economics. Are your students mostly from Martinique and surrounding areas, or do you offer courses to students from other places?<\/strong><\/p>\n<p>Most of our students are from Martinique, but we do also attract learners from the surrounding islands and we welcome international students.<\/p>\n<p><strong>Your institution is developing fast. What are your current plans?<\/strong><\/p>\n<p>In the short term we plan to offer sandwich training that will help meet recruitment needs in Martinique. In the medium and long terms, we plan to offer courses in the \u2018Greater Caribbean\u2019 and to develop contacts and exchanges with institutions internationally.<\/p>\n<p><strong>Distance learning is currently on the rise. How are you working with your students in the correct context?<\/strong><\/p>\n<p>Given the current health risk, we are aiming to digitise all our courses to facilitate both in-person and distance learning. We plan to offer both types of learning.<\/p>\n<p><strong>What is the advantage of FEDE membership?<\/strong><\/p>\n<p>I am really happy that we joined the FEDE. It\u2019s a great opportunity for our institution, given that it wishes to develop a more international vision. The FEDE also allows us to offer a wide range of additional courses in Martinique. And it has opened the door to Europe and the world beyond Europe. Our values are similar to those of the FEDE: for example, student-focused learning, personalised supervision, the acquisition of workplace know-how through work experience, well-equipped classrooms and leisure areas, and small class sizes.<\/p>\n<p><strong>Last but not least, what are your hopes for 2021?<\/strong><\/p>\n<p>I hope, like everyone in the education sector, to ensure that young people in Martinique are given solid professional training so as to reduce school dropouts, improve career prospects, develop networking and knowledge sharing, and more.<br \/>\nIn 2021 we hope to develop our various projects and to increase the visibility of the FEDE across the islands in the region.<\/p>\n","protected":false},"excerpt":{"rendered":"<p>A quick, sunny stopover in Martinique: we meet Ms Nadine Soupama, director of the Private Higher Educational Institution (law, finance and economics). You offer courses in finance, law and economics. Are your students mostly from Martinique and surrounding areas, or do you offer courses to students from other places? Most of our students are from Martinique, but we do also attract learners from the surrounding islands and we welcome international students. Your institution is developing fast. What are your current plans? In the short term we plan to offer sandwich training that will help meet recruitment needs in Martinique. In the medium and long terms, we plan to offer courses in the \u2018Greater Caribbean\u2019 and to develop contacts and exchanges with institutions internationally. Distance learning is currently on the rise. [&hellip;]<\/p>\n","protected":false},"author":10,"featured_media":34302,"comment_status":"closed","ping_status":"open","sticky":false,"template":"","format":"standard","meta":{"_acf_changed":false,"footnotes":""},"categories":[99],"tags":[111],"class_list":["post-38182","post","type-post","status-publish","format-standard","has-post-thumbnail","hentry","category-uncategorized","tag-news-fede-en-2"],"acf":[],"yoast_head":"<!-- This site is optimized with the Yoast SEO plugin v23.5 - https:\/\/yoast.com\/wordpress\/plugins\/seo\/ -->\n<title>Interview with Mrs. Nadine Soupama - FEDE - F\u00e9d\u00e9ration Europ\u00e9enne Des Ecoles<\/title>\n<meta name=\"robots\" content=\"index, follow, max-snippet:-1, max-image-preview:large, max-video-preview:-1\" \/>\n<link rel=\"canonical\" href=\"https:\/\/www.fede.education\/en\/2021\/02\/15\/madame-nadine-soupama-directrice-de-linstitut-prive-denseignement-superieur\/\" \/>\n<meta property=\"og:locale\" content=\"en_US\" \/>\n<meta property=\"og:type\" content=\"article\" \/>\n<meta property=\"og:title\" content=\"Interview with Mrs. Nadine Soupama - FEDE - F\u00e9d\u00e9ration Europ\u00e9enne Des Ecoles\" \/>\n<meta property=\"og:description\" content=\"A quick, sunny stopover in Martinique: we meet Ms Nadine Soupama, director of the Private Higher Educational Institution (law, finance and economics). You offer courses in finance, law and economics. Are your students mostly from Martinique and surrounding areas, or do you offer courses to students from other places? Most of our students are from Martinique, but we do also attract learners from the surrounding islands and we welcome international students. Your institution is developing fast. What are your current plans? In the short term we plan to offer sandwich training that will help meet recruitment needs in Martinique. In the medium and long terms, we plan to offer courses in the \u2018Greater Caribbean\u2019 and to develop contacts and exchanges with institutions internationally. Distance learning is currently on the rise. [&hellip;]\" \/>\n<meta property=\"og:url\" content=\"https:\/\/www.fede.education\/en\/2021\/02\/15\/madame-nadine-soupama-directrice-de-linstitut-prive-denseignement-superieur\/\" \/>\n<meta property=\"og:site_name\" content=\"FEDE - F\u00e9d\u00e9ration Europ\u00e9enne Des Ecoles\" \/>\n<meta property=\"article:publisher\" content=\"https:\/\/www.facebook.com\/fede.education\" \/>\n<meta property=\"article:published_time\" content=\"2021-02-15T16:26:19+00:00\" \/>\n<meta property=\"article:modified_time\" content=\"2024-01-26T13:37:31+00:00\" \/>\n<meta property=\"og:image\" content=\"https:\/\/www.fede.education\/wp-content\/uploads\/2022\/06\/Nadine-SOUPAMA-Bandeau-FEDE.jpg\" \/>\n\t<meta property=\"og:image:width\" content=\"1200\" \/>\n\t<meta property=\"og:image:height\" content=\"627\" \/>\n\t<meta property=\"og:image:type\" content=\"image\/jpeg\" \/>\n<meta name=\"author\" content=\"Trang BUI\" \/>\n<meta name=\"twitter:card\" content=\"summary_large_image\" \/>\n<meta name=\"twitter:creator\" content=\"@FEDE_OING\" \/>\n<meta name=\"twitter:site\" content=\"@FEDE_OING\" \/>\n<meta name=\"twitter:label1\" content=\"Written by\" \/>\n\t<meta name=\"twitter:data1\" content=\"Trang BUI\" \/>\n\t<meta name=\"twitter:label2\" content=\"Est. reading time\" \/>\n\t<meta name=\"twitter:data2\" content=\"2 minutes\" \/>\n<script type=\"application\/ld+json\" class=\"yoast-schema-graph\">{\"@context\":\"https:\/\/schema.org\",\"@graph\":[{\"@type\":\"Article\",\"@id\":\"https:\/\/www.fede.education\/en\/2021\/02\/15\/madame-nadine-soupama-directrice-de-linstitut-prive-denseignement-superieur\/#article\",\"isPartOf\":{\"@id\":\"https:\/\/www.fede.education\/en\/2021\/02\/15\/madame-nadine-soupama-directrice-de-linstitut-prive-denseignement-superieur\/\"},\"author\":{\"name\":\"Trang BUI\",\"@id\":\"https:\/\/www.fede.education\/#\/schema\/person\/61c51d589cfbfa2aa5a2b91ddf0eb81c\"},\"headline\":\"Interview with Mrs. Nadine Soupama\",\"datePublished\":\"2021-02-15T16:26:19+00:00\",\"dateModified\":\"2024-01-26T13:37:31+00:00\",\"mainEntityOfPage\":{\"@id\":\"https:\/\/www.fede.education\/en\/2021\/02\/15\/madame-nadine-soupama-directrice-de-linstitut-prive-denseignement-superieur\/\"},\"wordCount\":335,\"publisher\":{\"@id\":\"https:\/\/www.fede.education\/#organization\"},\"image\":{\"@id\":\"https:\/\/www.fede.education\/en\/2021\/02\/15\/madame-nadine-soupama-directrice-de-linstitut-prive-denseignement-superieur\/#primaryimage\"},\"thumbnailUrl\":\"https:\/\/www.fede.education\/wp-content\/uploads\/2022\/06\/Nadine-SOUPAMA-Bandeau-FEDE.jpg\",\"keywords\":[\"News FEDE\"],\"inLanguage\":\"en-US\"},{\"@type\":\"WebPage\",\"@id\":\"https:\/\/www.fede.education\/en\/2021\/02\/15\/madame-nadine-soupama-directrice-de-linstitut-prive-denseignement-superieur\/\",\"url\":\"https:\/\/www.fede.education\/en\/2021\/02\/15\/madame-nadine-soupama-directrice-de-linstitut-prive-denseignement-superieur\/\",\"name\":\"Interview with Mrs. Nadine Soupama - FEDE - F\u00e9d\u00e9ration Europ\u00e9enne Des Ecoles\",\"isPartOf\":{\"@id\":\"https:\/\/www.fede.education\/#website\"},\"primaryImageOfPage\":{\"@id\":\"https:\/\/www.fede.education\/en\/2021\/02\/15\/madame-nadine-soupama-directrice-de-linstitut-prive-denseignement-superieur\/#primaryimage\"},\"image\":{\"@id\":\"https:\/\/www.fede.education\/en\/2021\/02\/15\/madame-nadine-soupama-directrice-de-linstitut-prive-denseignement-superieur\/#primaryimage\"},\"thumbnailUrl\":\"https:\/\/www.fede.education\/wp-content\/uploads\/2022\/06\/Nadine-SOUPAMA-Bandeau-FEDE.jpg\",\"datePublished\":\"2021-02-15T16:26:19+00:00\",\"dateModified\":\"2024-01-26T13:37:31+00:00\",\"breadcrumb\":{\"@id\":\"https:\/\/www.fede.education\/en\/2021\/02\/15\/madame-nadine-soupama-directrice-de-linstitut-prive-denseignement-superieur\/#breadcrumb\"},\"inLanguage\":\"en-US\",\"potentialAction\":[{\"@type\":\"ReadAction\",\"target\":[\"https:\/\/www.fede.education\/en\/2021\/02\/15\/madame-nadine-soupama-directrice-de-linstitut-prive-denseignement-superieur\/\"]}]},{\"@type\":\"ImageObject\",\"inLanguage\":\"en-US\",\"@id\":\"https:\/\/www.fede.education\/en\/2021\/02\/15\/madame-nadine-soupama-directrice-de-linstitut-prive-denseignement-superieur\/#primaryimage\",\"url\":\"https:\/\/www.fede.education\/wp-content\/uploads\/2022\/06\/Nadine-SOUPAMA-Bandeau-FEDE.jpg\",\"contentUrl\":\"https:\/\/www.fede.education\/wp-content\/uploads\/2022\/06\/Nadine-SOUPAMA-Bandeau-FEDE.jpg\",\"width\":1200,\"height\":627},{\"@type\":\"BreadcrumbList\",\"@id\":\"https:\/\/www.fede.education\/en\/2021\/02\/15\/madame-nadine-soupama-directrice-de-linstitut-prive-denseignement-superieur\/#breadcrumb\",\"itemListElement\":[{\"@type\":\"ListItem\",\"position\":1,\"name\":\"Accueil\",\"item\":\"https:\/\/www.fede.education\/en\/\"},{\"@type\":\"ListItem\",\"position\":2,\"name\":\"Interview with Mrs. Nadine Soupama\"}]},{\"@type\":\"WebSite\",\"@id\":\"https:\/\/www.fede.education\/#website\",\"url\":\"https:\/\/www.fede.education\/\",\"name\":\"FEDE - F\u00e9d\u00e9ration Europ\u00e9enne Des Ecoles\",\"description\":\"\",\"publisher\":{\"@id\":\"https:\/\/www.fede.education\/#organization\"},\"potentialAction\":[{\"@type\":\"SearchAction\",\"target\":{\"@type\":\"EntryPoint\",\"urlTemplate\":\"https:\/\/www.fede.education\/?s={search_term_string}\"},\"query-input\":{\"@type\":\"PropertyValueSpecification\",\"valueRequired\":true,\"valueName\":\"search_term_string\"}}],\"inLanguage\":\"en-US\"},{\"@type\":\"Organization\",\"@id\":\"https:\/\/www.fede.education\/#organization\",\"name\":\"FEDE - F\u00e9d\u00e9ration Europ\u00e9enne Des Ecoles\",\"url\":\"https:\/\/www.fede.education\/\",\"logo\":{\"@type\":\"ImageObject\",\"inLanguage\":\"en-US\",\"@id\":\"https:\/\/www.fede.education\/#\/schema\/logo\/image\/\",\"url\":\"https:\/\/www.fede.education\/wp-content\/uploads\/2022\/08\/cropped-Logo_entete_site_FEDE.png\",\"contentUrl\":\"https:\/\/www.fede.education\/wp-content\/uploads\/2022\/08\/cropped-Logo_entete_site_FEDE.png\",\"width\":512,\"height\":512,\"caption\":\"FEDE - F\u00e9d\u00e9ration Europ\u00e9enne Des Ecoles\"},\"image\":{\"@id\":\"https:\/\/www.fede.education\/#\/schema\/logo\/image\/\"},\"sameAs\":[\"https:\/\/www.facebook.com\/fede.education\",\"https:\/\/x.com\/FEDE_OING\",\"https:\/\/twitter.com\/FEDE_OING\"]},{\"@type\":\"Person\",\"@id\":\"https:\/\/www.fede.education\/#\/schema\/person\/61c51d589cfbfa2aa5a2b91ddf0eb81c\",\"name\":\"Trang BUI\",\"image\":{\"@type\":\"ImageObject\",\"inLanguage\":\"en-US\",\"@id\":\"https:\/\/www.fede.education\/#\/schema\/person\/image\/\",\"url\":\"https:\/\/secure.gravatar.com\/avatar\/e5509f4dff895ea41a5f1ca18bdfc2f4?s=96&d=mm&r=g\",\"contentUrl\":\"https:\/\/secure.gravatar.com\/avatar\/e5509f4dff895ea41a5f1ca18bdfc2f4?s=96&d=mm&r=g\",\"caption\":\"Trang BUI\"},\"url\":\"https:\/\/www.fede.education\/en\/author\/tbui\/\"}]}<\/script>\n<!-- \/ Yoast SEO plugin. -->","yoast_head_json":{"title":"Interview with Mrs. Nadine Soupama - FEDE - F\u00e9d\u00e9ration Europ\u00e9enne Des Ecoles","robots":{"index":"index","follow":"follow","max-snippet":"max-snippet:-1","max-image-preview":"max-image-preview:large","max-video-preview":"max-video-preview:-1"},"canonical":"https:\/\/www.fede.education\/en\/2021\/02\/15\/madame-nadine-soupama-directrice-de-linstitut-prive-denseignement-superieur\/","og_locale":"en_US","og_type":"article","og_title":"Interview with Mrs. Nadine Soupama - FEDE - F\u00e9d\u00e9ration Europ\u00e9enne Des Ecoles","og_description":"A quick, sunny stopover in Martinique: we meet Ms Nadine Soupama, director of the Private Higher Educational Institution (law, finance and economics). You offer courses in finance, law and economics. Are your students mostly from Martinique and surrounding areas, or do you offer courses to students from other places? Most of our students are from Martinique, but we do also attract learners from the surrounding islands and we welcome international students. Your institution is developing fast. What are your current plans? In the short term we plan to offer sandwich training that will help meet recruitment needs in Martinique. In the medium and long terms, we plan to offer courses in the \u2018Greater Caribbean\u2019 and to develop contacts and exchanges with institutions internationally. Distance learning is currently on the rise. [&hellip;]","og_url":"https:\/\/www.fede.education\/en\/2021\/02\/15\/madame-nadine-soupama-directrice-de-linstitut-prive-denseignement-superieur\/","og_site_name":"FEDE - F\u00e9d\u00e9ration Europ\u00e9enne Des Ecoles","article_publisher":"https:\/\/www.facebook.com\/fede.education","article_published_time":"2021-02-15T16:26:19+00:00","article_modified_time":"2024-01-26T13:37:31+00:00","og_image":[{"width":1200,"height":627,"url":"https:\/\/www.fede.education\/wp-content\/uploads\/2022\/06\/Nadine-SOUPAMA-Bandeau-FEDE.jpg","type":"image\/jpeg"}],"author":"Trang BUI","twitter_card":"summary_large_image","twitter_creator":"@FEDE_OING","twitter_site":"@FEDE_OING","twitter_misc":{"Written by":"Trang BUI","Est. reading time":"2 minutes"},"schema":{"@context":"https:\/\/schema.org","@graph":[{"@type":"Article","@id":"https:\/\/www.fede.education\/en\/2021\/02\/15\/madame-nadine-soupama-directrice-de-linstitut-prive-denseignement-superieur\/#article","isPartOf":{"@id":"https:\/\/www.fede.education\/en\/2021\/02\/15\/madame-nadine-soupama-directrice-de-linstitut-prive-denseignement-superieur\/"},"author":{"name":"Trang BUI","@id":"https:\/\/www.fede.education\/#\/schema\/person\/61c51d589cfbfa2aa5a2b91ddf0eb81c"},"headline":"Interview with Mrs. Nadine Soupama","datePublished":"2021-02-15T16:26:19+00:00","dateModified":"2024-01-26T13:37:31+00:00","mainEntityOfPage":{"@id":"https:\/\/www.fede.education\/en\/2021\/02\/15\/madame-nadine-soupama-directrice-de-linstitut-prive-denseignement-superieur\/"},"wordCount":335,"publisher":{"@id":"https:\/\/www.fede.education\/#organization"},"image":{"@id":"https:\/\/www.fede.education\/en\/2021\/02\/15\/madame-nadine-soupama-directrice-de-linstitut-prive-denseignement-superieur\/#primaryimage"},"thumbnailUrl":"https:\/\/www.fede.education\/wp-content\/uploads\/2022\/06\/Nadine-SOUPAMA-Bandeau-FEDE.jpg","keywords":["News FEDE"],"inLanguage":"en-US"},{"@type":"WebPage","@id":"https:\/\/www.fede.education\/en\/2021\/02\/15\/madame-nadine-soupama-directrice-de-linstitut-prive-denseignement-superieur\/","url":"https:\/\/www.fede.education\/en\/2021\/02\/15\/madame-nadine-soupama-directrice-de-linstitut-prive-denseignement-superieur\/","name":"Interview with Mrs. Nadine Soupama - FEDE - F\u00e9d\u00e9ration Europ\u00e9enne Des Ecoles","isPartOf":{"@id":"https:\/\/www.fede.education\/#website"},"primaryImageOfPage":{"@id":"https:\/\/www.fede.education\/en\/2021\/02\/15\/madame-nadine-soupama-directrice-de-linstitut-prive-denseignement-superieur\/#primaryimage"},"image":{"@id":"https:\/\/www.fede.education\/en\/2021\/02\/15\/madame-nadine-soupama-directrice-de-linstitut-prive-denseignement-superieur\/#primaryimage"},"thumbnailUrl":"https:\/\/www.fede.education\/wp-content\/uploads\/2022\/06\/Nadine-SOUPAMA-Bandeau-FEDE.jpg","datePublished":"2021-02-15T16:26:19+00:00","dateModified":"2024-01-26T13:37:31+00:00","breadcrumb":{"@id":"https:\/\/www.fede.education\/en\/2021\/02\/15\/madame-nadine-soupama-directrice-de-linstitut-prive-denseignement-superieur\/#breadcrumb"},"inLanguage":"en-US","potentialAction":[{"@type":"ReadAction","target":["https:\/\/www.fede.education\/en\/2021\/02\/15\/madame-nadine-soupama-directrice-de-linstitut-prive-denseignement-superieur\/"]}]},{"@type":"ImageObject","inLanguage":"en-US","@id":"https:\/\/www.fede.education\/en\/2021\/02\/15\/madame-nadine-soupama-directrice-de-linstitut-prive-denseignement-superieur\/#primaryimage","url":"https:\/\/www.fede.education\/wp-content\/uploads\/2022\/06\/Nadine-SOUPAMA-Bandeau-FEDE.jpg","contentUrl":"https:\/\/www.fede.education\/wp-content\/uploads\/2022\/06\/Nadine-SOUPAMA-Bandeau-FEDE.jpg","width":1200,"height":627},{"@type":"BreadcrumbList","@id":"https:\/\/www.fede.education\/en\/2021\/02\/15\/madame-nadine-soupama-directrice-de-linstitut-prive-denseignement-superieur\/#breadcrumb","itemListElement":[{"@type":"ListItem","position":1,"name":"Accueil","item":"https:\/\/www.fede.education\/en\/"},{"@type":"ListItem","position":2,"name":"Interview with Mrs. Nadine Soupama"}]},{"@type":"WebSite","@id":"https:\/\/www.fede.education\/#website","url":"https:\/\/www.fede.education\/","name":"FEDE - F\u00e9d\u00e9ration Europ\u00e9enne Des Ecoles","description":"","publisher":{"@id":"https:\/\/www.fede.education\/#organization"},"potentialAction":[{"@type":"SearchAction","target":{"@type":"EntryPoint","urlTemplate":"https:\/\/www.fede.education\/?s={search_term_string}"},"query-input":{"@type":"PropertyValueSpecification","valueRequired":true,"valueName":"search_term_string"}}],"inLanguage":"en-US"},{"@type":"Organization","@id":"https:\/\/www.fede.education\/#organization","name":"FEDE - F\u00e9d\u00e9ration Europ\u00e9enne Des Ecoles","url":"https:\/\/www.fede.education\/","logo":{"@type":"ImageObject","inLanguage":"en-US","@id":"https:\/\/www.fede.education\/#\/schema\/logo\/image\/","url":"https:\/\/www.fede.education\/wp-content\/uploads\/2022\/08\/cropped-Logo_entete_site_FEDE.png","contentUrl":"https:\/\/www.fede.education\/wp-content\/uploads\/2022\/08\/cropped-Logo_entete_site_FEDE.png","width":512,"height":512,"caption":"FEDE - F\u00e9d\u00e9ration Europ\u00e9enne Des Ecoles"},"image":{"@id":"https:\/\/www.fede.education\/#\/schema\/logo\/image\/"},"sameAs":["https:\/\/www.facebook.com\/fede.education","https:\/\/x.com\/FEDE_OING","https:\/\/twitter.com\/FEDE_OING"]},{"@type":"Person","@id":"https:\/\/www.fede.education\/#\/schema\/person\/61c51d589cfbfa2aa5a2b91ddf0eb81c","name":"Trang BUI","image":{"@type":"ImageObject","inLanguage":"en-US","@id":"https:\/\/www.fede.education\/#\/schema\/person\/image\/","url":"https:\/\/secure.gravatar.com\/avatar\/e5509f4dff895ea41a5f1ca18bdfc2f4?s=96&d=mm&r=g","contentUrl":"https:\/\/secure.gravatar.com\/avatar\/e5509f4dff895ea41a5f1ca18bdfc2f4?s=96&d=mm&r=g","caption":"Trang BUI"},"url":"https:\/\/www.fede.education\/en\/author\/tbui\/"}]}},"_links":{"self":[{"href":"https:\/\/www.fede.education\/en\/wp-json\/wp\/v2\/posts\/38182"}],"collection":[{"href":"https:\/\/www.fede.education\/en\/wp-json\/wp\/v2\/posts"}],"about":[{"href":"https:\/\/www.fede.education\/en\/wp-json\/wp\/v2\/types\/post"}],"author":[{"embeddable":true,"href":"https:\/\/www.fede.education\/en\/wp-json\/wp\/v2\/users\/10"}],"replies":[{"embeddable":true,"href":"https:\/\/www.fede.education\/en\/wp-json\/wp\/v2\/comments?post=38182"}],"version-history":[{"count":2,"href":"https:\/\/www.fede.education\/en\/wp-json\/wp\/v2\/posts\/38182\/revisions"}],"predecessor-version":[{"id":38186,"href":"https:\/\/www.fede.education\/en\/wp-json\/wp\/v2\/posts\/38182\/revisions\/38186"}],"wp:featuredmedia":[{"embeddable":true,"href":"https:\/\/www.fede.education\/en\/wp-json\/wp\/v2\/media\/34302"}],"wp:attachment":[{"href":"https:\/\/www.fede.education\/en\/wp-json\/wp\/v2\/media?parent=38182"}],"wp:term":[{"taxonomy":"category","embeddable":true,"href":"https:\/\/www.fede.education\/en\/wp-json\/wp\/v2\/categories?post=38182"},{"taxonomy":"post_tag","embeddable":true,"href":"https:\/\/www.fede.education\/en\/wp-json\/wp\/v2\/tags?post=38182"}],"curies":[{"name":"wp","href":"https:\/\/api.w.org\/{rel}","templated":true}]}}