{"id":38270,"date":"2020-12-04T14:57:57","date_gmt":"2020-12-04T13:57:57","guid":{"rendered":"https:\/\/www.fede.education\/2020\/12\/04\/nordine-saadallah-un-dba-pour-reflechir-sur-le-lien-entre-ressources-humaine-et-intelligence-artificielle\/"},"modified":"2024-01-26T14:38:59","modified_gmt":"2024-01-26T13:38:59","slug":"nordine-saadallah-un-dba-pour-reflechir-sur-le-lien-entre-ressources-humaine-et-intelligence-artificielle","status":"publish","type":"post","link":"https:\/\/www.fede.education\/en\/2020\/12\/04\/nordine-saadallah-un-dba-pour-reflechir-sur-le-lien-entre-ressources-humaine-et-intelligence-artificielle\/","title":{"rendered":"Interview de Nordine Saadallah"},"content":{"rendered":"<p><strong>N<\/strong><\/p>\n<p><strong>Nordine Saadallah: \u2018A DBA to explore the connection between human resources and artificial intelligence&#8217;<\/strong><\/p>\n<p><strong>What did you study and what have been the highlights of your career?<\/strong><\/p>\n<p>In 2000 obtained a French DESS degree in local social development (Institut Sup\u00e9rieur de l\u2019Action Sociale de Lille). This was followed by a master\u2019s in human resources engineering from the University of Lille in 2004. I was human resources manager for various non-profit organisations before becoming director of a social and educational organisation. I have always been passionate about teaching. Currently, for example, I teach human resources management at Wes\u2019Sup, and geopolitics and management at the Ecole L\u00e9mania in Geneva. I also supervise dissertations at the Haute \u00c9cole de Travail Social, also in Geneva.<\/p>\n<p><strong>Why did you decide to study for a DBA?<\/strong><\/p>\n<p>I want to become a speaker-lecturer, and the DBA will provide me with the credentials to do so, along with new skills. It will also help me to grow my network of business contacts and learn more about how the FEDE works. This is important, since it will help me to better understand and adapt to FEDE member institutions and their goals. Better knowledge of the FEDE will therefore help me to tailor the types of lectures\/presentations I offer.<\/p>\n<p><strong>What is the aim of your research?<\/strong><\/p>\n<p>For some years now we\u2019ve been observing an exponential, unprecedented rise in the use of technology in our societies and in the workplace. The main reasons behind all this are digitalisation and big data. All sectors, all professions, all organisations and all job roles (or nearly) have been affected by the craze for new technology. Human resources, just like the other functions of organisations, has been affected by the growing use of artificial intelligence. The research question behind my DBA will be: \u2018What new skills will be required given the use of artificial intelligence in the human resources function?\u2019<\/p>\n","protected":false},"excerpt":{"rendered":"<p>N Nordine Saadallah: \u2018A DBA to explore the connection between human resources and artificial intelligence&#8217; What did you study and what have been the highlights of your career? In 2000 obtained a French DESS degree in local social development (Institut Sup\u00e9rieur de l\u2019Action Sociale de Lille). This was followed by a master\u2019s in human resources engineering from the University of Lille in 2004. I was human resources manager for various non-profit organisations before becoming director of a social and educational organisation. I have always been passionate about teaching. Currently, for example, I teach human resources management at Wes\u2019Sup, and geopolitics and management at the Ecole L\u00e9mania in Geneva. I also supervise dissertations at the Haute \u00c9cole de Travail Social, also in Geneva. Why did you decide to study for a [&hellip;]<\/p>\n","protected":false},"author":10,"featured_media":2054365,"comment_status":"closed","ping_status":"open","sticky":false,"template":"","format":"standard","meta":{"_acf_changed":false,"footnotes":""},"categories":[1,99],"tags":[108],"class_list":["post-38270","post","type-post","status-publish","format-standard","has-post-thumbnail","hentry","category-non-classe","category-uncategorized","tag-ecole-doctorale-en"],"acf":[],"yoast_head":"<!-- This site is optimized with the Yoast SEO plugin v23.5 - https:\/\/yoast.com\/wordpress\/plugins\/seo\/ -->\n<title>Interview de Nordine Saadallah - FEDE - F\u00e9d\u00e9ration Europ\u00e9enne Des Ecoles<\/title>\n<meta name=\"robots\" content=\"index, follow, max-snippet:-1, max-image-preview:large, max-video-preview:-1\" \/>\n<link rel=\"canonical\" href=\"https:\/\/www.fede.education\/en\/2020\/12\/04\/nordine-saadallah-un-dba-pour-reflechir-sur-le-lien-entre-ressources-humaine-et-intelligence-artificielle\/\" \/>\n<meta property=\"og:locale\" content=\"en_US\" \/>\n<meta property=\"og:type\" content=\"article\" \/>\n<meta property=\"og:title\" content=\"Interview de Nordine Saadallah - FEDE - F\u00e9d\u00e9ration Europ\u00e9enne Des Ecoles\" \/>\n<meta property=\"og:description\" content=\"N Nordine Saadallah: \u2018A DBA to explore the connection between human resources and artificial intelligence&#8217; What did you study and what have been the highlights of your career? In 2000 obtained a French DESS degree in local social development (Institut Sup\u00e9rieur de l\u2019Action Sociale de Lille). This was followed by a master\u2019s in human resources engineering from the University of Lille in 2004. I was human resources manager for various non-profit organisations before becoming director of a social and educational organisation. I have always been passionate about teaching. Currently, for example, I teach human resources management at Wes\u2019Sup, and geopolitics and management at the Ecole L\u00e9mania in Geneva. I also supervise dissertations at the Haute \u00c9cole de Travail Social, also in Geneva. Why did you decide to study for a [&hellip;]\" \/>\n<meta property=\"og:url\" content=\"https:\/\/www.fede.education\/en\/2020\/12\/04\/nordine-saadallah-un-dba-pour-reflechir-sur-le-lien-entre-ressources-humaine-et-intelligence-artificielle\/\" \/>\n<meta property=\"og:site_name\" content=\"FEDE - F\u00e9d\u00e9ration Europ\u00e9enne Des Ecoles\" \/>\n<meta property=\"article:publisher\" content=\"https:\/\/www.facebook.com\/fede.education\" \/>\n<meta property=\"article:published_time\" content=\"2020-12-04T13:57:57+00:00\" \/>\n<meta property=\"article:modified_time\" content=\"2024-01-26T13:38:59+00:00\" \/>\n<meta property=\"og:image\" content=\"https:\/\/www.fede.education\/wp-content\/uploads\/2023\/11\/Nordine-Saadallah-1.png\" \/>\n\t<meta property=\"og:image:width\" content=\"1200\" \/>\n\t<meta property=\"og:image:height\" content=\"627\" \/>\n\t<meta property=\"og:image:type\" content=\"image\/png\" \/>\n<meta name=\"author\" content=\"Trang BUI\" \/>\n<meta name=\"twitter:card\" content=\"summary_large_image\" \/>\n<meta name=\"twitter:creator\" content=\"@FEDE_OING\" \/>\n<meta name=\"twitter:site\" content=\"@FEDE_OING\" \/>\n<meta name=\"twitter:label1\" content=\"Written by\" \/>\n\t<meta name=\"twitter:data1\" content=\"Trang BUI\" \/>\n\t<meta name=\"twitter:label2\" content=\"Est. reading time\" \/>\n\t<meta name=\"twitter:data2\" content=\"2 minutes\" \/>\n<script type=\"application\/ld+json\" class=\"yoast-schema-graph\">{\"@context\":\"https:\/\/schema.org\",\"@graph\":[{\"@type\":\"Article\",\"@id\":\"https:\/\/www.fede.education\/en\/2020\/12\/04\/nordine-saadallah-un-dba-pour-reflechir-sur-le-lien-entre-ressources-humaine-et-intelligence-artificielle\/#article\",\"isPartOf\":{\"@id\":\"https:\/\/www.fede.education\/en\/2020\/12\/04\/nordine-saadallah-un-dba-pour-reflechir-sur-le-lien-entre-ressources-humaine-et-intelligence-artificielle\/\"},\"author\":{\"name\":\"Trang BUI\",\"@id\":\"https:\/\/www.fede.education\/#\/schema\/person\/61c51d589cfbfa2aa5a2b91ddf0eb81c\"},\"headline\":\"Interview de Nordine Saadallah\",\"datePublished\":\"2020-12-04T13:57:57+00:00\",\"dateModified\":\"2024-01-26T13:38:59+00:00\",\"mainEntityOfPage\":{\"@id\":\"https:\/\/www.fede.education\/en\/2020\/12\/04\/nordine-saadallah-un-dba-pour-reflechir-sur-le-lien-entre-ressources-humaine-et-intelligence-artificielle\/\"},\"wordCount\":325,\"publisher\":{\"@id\":\"https:\/\/www.fede.education\/#organization\"},\"image\":{\"@id\":\"https:\/\/www.fede.education\/en\/2020\/12\/04\/nordine-saadallah-un-dba-pour-reflechir-sur-le-lien-entre-ressources-humaine-et-intelligence-artificielle\/#primaryimage\"},\"thumbnailUrl\":\"https:\/\/www.fede.education\/wp-content\/uploads\/2023\/11\/Nordine-Saadallah-1.png\",\"keywords\":[\"\u00e9cole doctorale\"],\"articleSection\":[\"Non class\u00e9\"],\"inLanguage\":\"en-US\"},{\"@type\":\"WebPage\",\"@id\":\"https:\/\/www.fede.education\/en\/2020\/12\/04\/nordine-saadallah-un-dba-pour-reflechir-sur-le-lien-entre-ressources-humaine-et-intelligence-artificielle\/\",\"url\":\"https:\/\/www.fede.education\/en\/2020\/12\/04\/nordine-saadallah-un-dba-pour-reflechir-sur-le-lien-entre-ressources-humaine-et-intelligence-artificielle\/\",\"name\":\"Interview de Nordine Saadallah - FEDE - F\u00e9d\u00e9ration Europ\u00e9enne Des Ecoles\",\"isPartOf\":{\"@id\":\"https:\/\/www.fede.education\/#website\"},\"primaryImageOfPage\":{\"@id\":\"https:\/\/www.fede.education\/en\/2020\/12\/04\/nordine-saadallah-un-dba-pour-reflechir-sur-le-lien-entre-ressources-humaine-et-intelligence-artificielle\/#primaryimage\"},\"image\":{\"@id\":\"https:\/\/www.fede.education\/en\/2020\/12\/04\/nordine-saadallah-un-dba-pour-reflechir-sur-le-lien-entre-ressources-humaine-et-intelligence-artificielle\/#primaryimage\"},\"thumbnailUrl\":\"https:\/\/www.fede.education\/wp-content\/uploads\/2023\/11\/Nordine-Saadallah-1.png\",\"datePublished\":\"2020-12-04T13:57:57+00:00\",\"dateModified\":\"2024-01-26T13:38:59+00:00\",\"breadcrumb\":{\"@id\":\"https:\/\/www.fede.education\/en\/2020\/12\/04\/nordine-saadallah-un-dba-pour-reflechir-sur-le-lien-entre-ressources-humaine-et-intelligence-artificielle\/#breadcrumb\"},\"inLanguage\":\"en-US\",\"potentialAction\":[{\"@type\":\"ReadAction\",\"target\":[\"https:\/\/www.fede.education\/en\/2020\/12\/04\/nordine-saadallah-un-dba-pour-reflechir-sur-le-lien-entre-ressources-humaine-et-intelligence-artificielle\/\"]}]},{\"@type\":\"ImageObject\",\"inLanguage\":\"en-US\",\"@id\":\"https:\/\/www.fede.education\/en\/2020\/12\/04\/nordine-saadallah-un-dba-pour-reflechir-sur-le-lien-entre-ressources-humaine-et-intelligence-artificielle\/#primaryimage\",\"url\":\"https:\/\/www.fede.education\/wp-content\/uploads\/2023\/11\/Nordine-Saadallah-1.png\",\"contentUrl\":\"https:\/\/www.fede.education\/wp-content\/uploads\/2023\/11\/Nordine-Saadallah-1.png\",\"width\":1200,\"height\":627},{\"@type\":\"BreadcrumbList\",\"@id\":\"https:\/\/www.fede.education\/en\/2020\/12\/04\/nordine-saadallah-un-dba-pour-reflechir-sur-le-lien-entre-ressources-humaine-et-intelligence-artificielle\/#breadcrumb\",\"itemListElement\":[{\"@type\":\"ListItem\",\"position\":1,\"name\":\"Accueil\",\"item\":\"https:\/\/www.fede.education\/en\/\"},{\"@type\":\"ListItem\",\"position\":2,\"name\":\"Interview de Nordine Saadallah\"}]},{\"@type\":\"WebSite\",\"@id\":\"https:\/\/www.fede.education\/#website\",\"url\":\"https:\/\/www.fede.education\/\",\"name\":\"FEDE - F\u00e9d\u00e9ration Europ\u00e9enne Des Ecoles\",\"description\":\"\",\"publisher\":{\"@id\":\"https:\/\/www.fede.education\/#organization\"},\"potentialAction\":[{\"@type\":\"SearchAction\",\"target\":{\"@type\":\"EntryPoint\",\"urlTemplate\":\"https:\/\/www.fede.education\/?s={search_term_string}\"},\"query-input\":{\"@type\":\"PropertyValueSpecification\",\"valueRequired\":true,\"valueName\":\"search_term_string\"}}],\"inLanguage\":\"en-US\"},{\"@type\":\"Organization\",\"@id\":\"https:\/\/www.fede.education\/#organization\",\"name\":\"FEDE - F\u00e9d\u00e9ration Europ\u00e9enne Des Ecoles\",\"url\":\"https:\/\/www.fede.education\/\",\"logo\":{\"@type\":\"ImageObject\",\"inLanguage\":\"en-US\",\"@id\":\"https:\/\/www.fede.education\/#\/schema\/logo\/image\/\",\"url\":\"https:\/\/www.fede.education\/wp-content\/uploads\/2022\/08\/cropped-Logo_entete_site_FEDE.png\",\"contentUrl\":\"https:\/\/www.fede.education\/wp-content\/uploads\/2022\/08\/cropped-Logo_entete_site_FEDE.png\",\"width\":512,\"height\":512,\"caption\":\"FEDE - F\u00e9d\u00e9ration Europ\u00e9enne Des Ecoles\"},\"image\":{\"@id\":\"https:\/\/www.fede.education\/#\/schema\/logo\/image\/\"},\"sameAs\":[\"https:\/\/www.facebook.com\/fede.education\",\"https:\/\/x.com\/FEDE_OING\",\"https:\/\/twitter.com\/FEDE_OING\"]},{\"@type\":\"Person\",\"@id\":\"https:\/\/www.fede.education\/#\/schema\/person\/61c51d589cfbfa2aa5a2b91ddf0eb81c\",\"name\":\"Trang BUI\",\"image\":{\"@type\":\"ImageObject\",\"inLanguage\":\"en-US\",\"@id\":\"https:\/\/www.fede.education\/#\/schema\/person\/image\/\",\"url\":\"https:\/\/secure.gravatar.com\/avatar\/e5509f4dff895ea41a5f1ca18bdfc2f4?s=96&d=mm&r=g\",\"contentUrl\":\"https:\/\/secure.gravatar.com\/avatar\/e5509f4dff895ea41a5f1ca18bdfc2f4?s=96&d=mm&r=g\",\"caption\":\"Trang BUI\"},\"url\":\"https:\/\/www.fede.education\/en\/author\/tbui\/\"}]}<\/script>\n<!-- \/ Yoast SEO plugin. -->","yoast_head_json":{"title":"Interview de Nordine Saadallah - FEDE - F\u00e9d\u00e9ration Europ\u00e9enne Des Ecoles","robots":{"index":"index","follow":"follow","max-snippet":"max-snippet:-1","max-image-preview":"max-image-preview:large","max-video-preview":"max-video-preview:-1"},"canonical":"https:\/\/www.fede.education\/en\/2020\/12\/04\/nordine-saadallah-un-dba-pour-reflechir-sur-le-lien-entre-ressources-humaine-et-intelligence-artificielle\/","og_locale":"en_US","og_type":"article","og_title":"Interview de Nordine Saadallah - FEDE - F\u00e9d\u00e9ration Europ\u00e9enne Des Ecoles","og_description":"N Nordine Saadallah: \u2018A DBA to explore the connection between human resources and artificial intelligence&#8217; What did you study and what have been the highlights of your career? In 2000 obtained a French DESS degree in local social development (Institut Sup\u00e9rieur de l\u2019Action Sociale de Lille). This was followed by a master\u2019s in human resources engineering from the University of Lille in 2004. I was human resources manager for various non-profit organisations before becoming director of a social and educational organisation. I have always been passionate about teaching. Currently, for example, I teach human resources management at Wes\u2019Sup, and geopolitics and management at the Ecole L\u00e9mania in Geneva. I also supervise dissertations at the Haute \u00c9cole de Travail Social, also in Geneva. Why did you decide to study for a [&hellip;]","og_url":"https:\/\/www.fede.education\/en\/2020\/12\/04\/nordine-saadallah-un-dba-pour-reflechir-sur-le-lien-entre-ressources-humaine-et-intelligence-artificielle\/","og_site_name":"FEDE - F\u00e9d\u00e9ration Europ\u00e9enne Des Ecoles","article_publisher":"https:\/\/www.facebook.com\/fede.education","article_published_time":"2020-12-04T13:57:57+00:00","article_modified_time":"2024-01-26T13:38:59+00:00","og_image":[{"width":1200,"height":627,"url":"https:\/\/www.fede.education\/wp-content\/uploads\/2023\/11\/Nordine-Saadallah-1.png","type":"image\/png"}],"author":"Trang BUI","twitter_card":"summary_large_image","twitter_creator":"@FEDE_OING","twitter_site":"@FEDE_OING","twitter_misc":{"Written by":"Trang BUI","Est. reading time":"2 minutes"},"schema":{"@context":"https:\/\/schema.org","@graph":[{"@type":"Article","@id":"https:\/\/www.fede.education\/en\/2020\/12\/04\/nordine-saadallah-un-dba-pour-reflechir-sur-le-lien-entre-ressources-humaine-et-intelligence-artificielle\/#article","isPartOf":{"@id":"https:\/\/www.fede.education\/en\/2020\/12\/04\/nordine-saadallah-un-dba-pour-reflechir-sur-le-lien-entre-ressources-humaine-et-intelligence-artificielle\/"},"author":{"name":"Trang BUI","@id":"https:\/\/www.fede.education\/#\/schema\/person\/61c51d589cfbfa2aa5a2b91ddf0eb81c"},"headline":"Interview de Nordine Saadallah","datePublished":"2020-12-04T13:57:57+00:00","dateModified":"2024-01-26T13:38:59+00:00","mainEntityOfPage":{"@id":"https:\/\/www.fede.education\/en\/2020\/12\/04\/nordine-saadallah-un-dba-pour-reflechir-sur-le-lien-entre-ressources-humaine-et-intelligence-artificielle\/"},"wordCount":325,"publisher":{"@id":"https:\/\/www.fede.education\/#organization"},"image":{"@id":"https:\/\/www.fede.education\/en\/2020\/12\/04\/nordine-saadallah-un-dba-pour-reflechir-sur-le-lien-entre-ressources-humaine-et-intelligence-artificielle\/#primaryimage"},"thumbnailUrl":"https:\/\/www.fede.education\/wp-content\/uploads\/2023\/11\/Nordine-Saadallah-1.png","keywords":["\u00e9cole doctorale"],"articleSection":["Non class\u00e9"],"inLanguage":"en-US"},{"@type":"WebPage","@id":"https:\/\/www.fede.education\/en\/2020\/12\/04\/nordine-saadallah-un-dba-pour-reflechir-sur-le-lien-entre-ressources-humaine-et-intelligence-artificielle\/","url":"https:\/\/www.fede.education\/en\/2020\/12\/04\/nordine-saadallah-un-dba-pour-reflechir-sur-le-lien-entre-ressources-humaine-et-intelligence-artificielle\/","name":"Interview de Nordine Saadallah - FEDE - F\u00e9d\u00e9ration Europ\u00e9enne Des Ecoles","isPartOf":{"@id":"https:\/\/www.fede.education\/#website"},"primaryImageOfPage":{"@id":"https:\/\/www.fede.education\/en\/2020\/12\/04\/nordine-saadallah-un-dba-pour-reflechir-sur-le-lien-entre-ressources-humaine-et-intelligence-artificielle\/#primaryimage"},"image":{"@id":"https:\/\/www.fede.education\/en\/2020\/12\/04\/nordine-saadallah-un-dba-pour-reflechir-sur-le-lien-entre-ressources-humaine-et-intelligence-artificielle\/#primaryimage"},"thumbnailUrl":"https:\/\/www.fede.education\/wp-content\/uploads\/2023\/11\/Nordine-Saadallah-1.png","datePublished":"2020-12-04T13:57:57+00:00","dateModified":"2024-01-26T13:38:59+00:00","breadcrumb":{"@id":"https:\/\/www.fede.education\/en\/2020\/12\/04\/nordine-saadallah-un-dba-pour-reflechir-sur-le-lien-entre-ressources-humaine-et-intelligence-artificielle\/#breadcrumb"},"inLanguage":"en-US","potentialAction":[{"@type":"ReadAction","target":["https:\/\/www.fede.education\/en\/2020\/12\/04\/nordine-saadallah-un-dba-pour-reflechir-sur-le-lien-entre-ressources-humaine-et-intelligence-artificielle\/"]}]},{"@type":"ImageObject","inLanguage":"en-US","@id":"https:\/\/www.fede.education\/en\/2020\/12\/04\/nordine-saadallah-un-dba-pour-reflechir-sur-le-lien-entre-ressources-humaine-et-intelligence-artificielle\/#primaryimage","url":"https:\/\/www.fede.education\/wp-content\/uploads\/2023\/11\/Nordine-Saadallah-1.png","contentUrl":"https:\/\/www.fede.education\/wp-content\/uploads\/2023\/11\/Nordine-Saadallah-1.png","width":1200,"height":627},{"@type":"BreadcrumbList","@id":"https:\/\/www.fede.education\/en\/2020\/12\/04\/nordine-saadallah-un-dba-pour-reflechir-sur-le-lien-entre-ressources-humaine-et-intelligence-artificielle\/#breadcrumb","itemListElement":[{"@type":"ListItem","position":1,"name":"Accueil","item":"https:\/\/www.fede.education\/en\/"},{"@type":"ListItem","position":2,"name":"Interview de Nordine Saadallah"}]},{"@type":"WebSite","@id":"https:\/\/www.fede.education\/#website","url":"https:\/\/www.fede.education\/","name":"FEDE - F\u00e9d\u00e9ration Europ\u00e9enne Des Ecoles","description":"","publisher":{"@id":"https:\/\/www.fede.education\/#organization"},"potentialAction":[{"@type":"SearchAction","target":{"@type":"EntryPoint","urlTemplate":"https:\/\/www.fede.education\/?s={search_term_string}"},"query-input":{"@type":"PropertyValueSpecification","valueRequired":true,"valueName":"search_term_string"}}],"inLanguage":"en-US"},{"@type":"Organization","@id":"https:\/\/www.fede.education\/#organization","name":"FEDE - F\u00e9d\u00e9ration Europ\u00e9enne Des Ecoles","url":"https:\/\/www.fede.education\/","logo":{"@type":"ImageObject","inLanguage":"en-US","@id":"https:\/\/www.fede.education\/#\/schema\/logo\/image\/","url":"https:\/\/www.fede.education\/wp-content\/uploads\/2022\/08\/cropped-Logo_entete_site_FEDE.png","contentUrl":"https:\/\/www.fede.education\/wp-content\/uploads\/2022\/08\/cropped-Logo_entete_site_FEDE.png","width":512,"height":512,"caption":"FEDE - F\u00e9d\u00e9ration Europ\u00e9enne Des Ecoles"},"image":{"@id":"https:\/\/www.fede.education\/#\/schema\/logo\/image\/"},"sameAs":["https:\/\/www.facebook.com\/fede.education","https:\/\/x.com\/FEDE_OING","https:\/\/twitter.com\/FEDE_OING"]},{"@type":"Person","@id":"https:\/\/www.fede.education\/#\/schema\/person\/61c51d589cfbfa2aa5a2b91ddf0eb81c","name":"Trang BUI","image":{"@type":"ImageObject","inLanguage":"en-US","@id":"https:\/\/www.fede.education\/#\/schema\/person\/image\/","url":"https:\/\/secure.gravatar.com\/avatar\/e5509f4dff895ea41a5f1ca18bdfc2f4?s=96&d=mm&r=g","contentUrl":"https:\/\/secure.gravatar.com\/avatar\/e5509f4dff895ea41a5f1ca18bdfc2f4?s=96&d=mm&r=g","caption":"Trang BUI"},"url":"https:\/\/www.fede.education\/en\/author\/tbui\/"}]}},"_links":{"self":[{"href":"https:\/\/www.fede.education\/en\/wp-json\/wp\/v2\/posts\/38270"}],"collection":[{"href":"https:\/\/www.fede.education\/en\/wp-json\/wp\/v2\/posts"}],"about":[{"href":"https:\/\/www.fede.education\/en\/wp-json\/wp\/v2\/types\/post"}],"author":[{"embeddable":true,"href":"https:\/\/www.fede.education\/en\/wp-json\/wp\/v2\/users\/10"}],"replies":[{"embeddable":true,"href":"https:\/\/www.fede.education\/en\/wp-json\/wp\/v2\/comments?post=38270"}],"version-history":[{"count":2,"href":"https:\/\/www.fede.education\/en\/wp-json\/wp\/v2\/posts\/38270\/revisions"}],"predecessor-version":[{"id":38274,"href":"https:\/\/www.fede.education\/en\/wp-json\/wp\/v2\/posts\/38270\/revisions\/38274"}],"wp:featuredmedia":[{"embeddable":true,"href":"https:\/\/www.fede.education\/en\/wp-json\/wp\/v2\/media\/2054365"}],"wp:attachment":[{"href":"https:\/\/www.fede.education\/en\/wp-json\/wp\/v2\/media?parent=38270"}],"wp:term":[{"taxonomy":"category","embeddable":true,"href":"https:\/\/www.fede.education\/en\/wp-json\/wp\/v2\/categories?post=38270"},{"taxonomy":"post_tag","embeddable":true,"href":"https:\/\/www.fede.education\/en\/wp-json\/wp\/v2\/tags?post=38270"}],"curies":[{"name":"wp","href":"https:\/\/api.w.org\/{rel}","templated":true}]}}