{"id":38352,"date":"2020-07-03T15:48:53","date_gmt":"2020-07-03T13:48:53","guid":{"rendered":"https:\/\/www.fede.education\/2020\/07\/03\/interviews-de-bertrand-pavlik\/"},"modified":"2023-02-23T15:26:51","modified_gmt":"2023-02-23T14:26:51","slug":"interviews-de-bertrand-pavlik","status":"publish","type":"post","link":"https:\/\/www.fede.education\/en\/2020\/07\/03\/interviews-de-bertrand-pavlik\/","title":{"rendered":"Bertrand Pavlik: A valuable reinforcement for the FEDE&#8217;s panel of experts"},"content":{"rendered":"<p>Lawyer, Councillor of the 6th arrondissement of Paris for nearly 20 years, columnist on Sud Radio, lecturer at the University Paris 1 Panth\u00e9on Sorbonne, Bertand Pavlik was also seven times French Champion of American Football. He shares his eclecticism with the FEDE.<\/p>\n<p><strong><u>What is your background?<\/u><\/strong><\/p>\n<p>I have two postgraduate degrees in law (in 1989, University of Paris Nanterre and in 1990, University of Paris 1 Panth\u00e9on Sorbonne) and the CAPA (Certificat d&#8217;Aptitude \u00e0 la Profession d&#8217;Avocat). I am also a graduate of the ESCP (Ecole Sup\u00e9rieure de Commerce de Paris 1992).<\/p>\n<p><strong><u>What is your current position?<\/u><\/strong><\/p>\n<p>I am a lawyer at the Paris Bar. I chose to practice this profession because I feel empathy for people and also to participate in the smooth running of society. I work in the Pavlik et associ\u00e9s law firm and I am an expert in insurance, accounting law and real estate law.<\/p>\n<p><strong><u>Do you find time for other professional activities?<\/u><\/strong><\/p>\n<p>I am a lecturer at the University Paris 1 Panth\u00e9on Sorbonne, I host a philosophical programme on a web radio, I work as an insurance expert for a programme on Sud radio and I write in various newspapers. I also have a passion for the history of contemporary ideas. For all these reasons, I think I can be useful to the students of the FEDE.<\/p>\n","protected":false},"excerpt":{"rendered":"<p>Lawyer, Councillor of the 6th arrondissement of Paris for nearly 20 years, columnist on Sud Radio, lecturer at the University Paris 1 Panth\u00e9on Sorbonne, Bertand Pavlik was also seven times French Champion of American Football. He shares his eclecticism with the FEDE. What is your background? I have two postgraduate degrees in law (in 1989, University of Paris Nanterre and in 1990, University of Paris 1 Panth\u00e9on Sorbonne) and the CAPA (Certificat d&#8217;Aptitude \u00e0 la Profession d&#8217;Avocat). I am also a graduate of the ESCP (Ecole Sup\u00e9rieure de Commerce de Paris 1992). What is your current position? I am a lawyer at the Paris Bar. I chose to practice this profession because I feel empathy for people and also to participate in the smooth running of society. I work in [&hellip;]<\/p>\n","protected":false},"author":10,"featured_media":33771,"comment_status":"closed","ping_status":"open","sticky":false,"template":"","format":"standard","meta":{"_acf_changed":false,"footnotes":""},"categories":[99],"tags":[118,119],"class_list":["post-38352","post","type-post","status-publish","format-standard","has-post-thumbnail","hentry","category-uncategorized","tag-college-dexperts-en","tag-college-dexperts-en-2"],"acf":[],"yoast_head":"<!-- This site is optimized with the Yoast SEO plugin v23.5 - https:\/\/yoast.com\/wordpress\/plugins\/seo\/ -->\n<title>Bertrand Pavlik: A valuable reinforcement for the FEDE&#039;s panel of experts - FEDE - F\u00e9d\u00e9ration Europ\u00e9enne Des Ecoles<\/title>\n<meta name=\"robots\" content=\"index, follow, max-snippet:-1, max-image-preview:large, max-video-preview:-1\" \/>\n<link rel=\"canonical\" href=\"https:\/\/www.fede.education\/en\/2020\/07\/03\/interviews-de-bertrand-pavlik\/\" \/>\n<meta property=\"og:locale\" content=\"en_US\" \/>\n<meta property=\"og:type\" content=\"article\" \/>\n<meta property=\"og:title\" content=\"Bertrand Pavlik: A valuable reinforcement for the FEDE&#039;s panel of experts - FEDE - F\u00e9d\u00e9ration Europ\u00e9enne Des Ecoles\" \/>\n<meta property=\"og:description\" content=\"Lawyer, Councillor of the 6th arrondissement of Paris for nearly 20 years, columnist on Sud Radio, lecturer at the University Paris 1 Panth\u00e9on Sorbonne, Bertand Pavlik was also seven times French Champion of American Football. He shares his eclecticism with the FEDE. What is your background? I have two postgraduate degrees in law (in 1989, University of Paris Nanterre and in 1990, University of Paris 1 Panth\u00e9on Sorbonne) and the CAPA (Certificat d&#8217;Aptitude \u00e0 la Profession d&#8217;Avocat). I am also a graduate of the ESCP (Ecole Sup\u00e9rieure de Commerce de Paris 1992). What is your current position? I am a lawyer at the Paris Bar. I chose to practice this profession because I feel empathy for people and also to participate in the smooth running of society. I work in [&hellip;]\" \/>\n<meta property=\"og:url\" content=\"https:\/\/www.fede.education\/en\/2020\/07\/03\/interviews-de-bertrand-pavlik\/\" \/>\n<meta property=\"og:site_name\" content=\"FEDE - F\u00e9d\u00e9ration Europ\u00e9enne Des Ecoles\" \/>\n<meta property=\"article:publisher\" content=\"https:\/\/www.facebook.com\/fede.education\" \/>\n<meta property=\"article:published_time\" content=\"2020-07-03T13:48:53+00:00\" \/>\n<meta property=\"article:modified_time\" content=\"2023-02-23T14:26:51+00:00\" \/>\n<meta property=\"og:image\" content=\"https:\/\/www.fede.education\/wp-content\/uploads\/2022\/06\/comitescientifique_Bertrand_Pavlik.jpg\" \/>\n\t<meta property=\"og:image:width\" content=\"1200\" \/>\n\t<meta property=\"og:image:height\" content=\"627\" \/>\n\t<meta property=\"og:image:type\" content=\"image\/jpeg\" \/>\n<meta name=\"author\" content=\"Trang BUI\" \/>\n<meta name=\"twitter:card\" content=\"summary_large_image\" \/>\n<meta name=\"twitter:creator\" content=\"@FEDE_OING\" \/>\n<meta name=\"twitter:site\" content=\"@FEDE_OING\" \/>\n<meta name=\"twitter:label1\" content=\"Written by\" \/>\n\t<meta name=\"twitter:data1\" content=\"Trang BUI\" \/>\n\t<meta name=\"twitter:label2\" content=\"Est. reading time\" \/>\n\t<meta name=\"twitter:data2\" content=\"1 minute\" \/>\n<script type=\"application\/ld+json\" class=\"yoast-schema-graph\">{\"@context\":\"https:\/\/schema.org\",\"@graph\":[{\"@type\":\"Article\",\"@id\":\"https:\/\/www.fede.education\/en\/2020\/07\/03\/interviews-de-bertrand-pavlik\/#article\",\"isPartOf\":{\"@id\":\"https:\/\/www.fede.education\/en\/2020\/07\/03\/interviews-de-bertrand-pavlik\/\"},\"author\":{\"name\":\"Trang BUI\",\"@id\":\"https:\/\/www.fede.education\/#\/schema\/person\/61c51d589cfbfa2aa5a2b91ddf0eb81c\"},\"headline\":\"Bertrand Pavlik: A valuable reinforcement for the FEDE&#8217;s panel of experts\",\"datePublished\":\"2020-07-03T13:48:53+00:00\",\"dateModified\":\"2023-02-23T14:26:51+00:00\",\"mainEntityOfPage\":{\"@id\":\"https:\/\/www.fede.education\/en\/2020\/07\/03\/interviews-de-bertrand-pavlik\/\"},\"wordCount\":230,\"publisher\":{\"@id\":\"https:\/\/www.fede.education\/#organization\"},\"image\":{\"@id\":\"https:\/\/www.fede.education\/en\/2020\/07\/03\/interviews-de-bertrand-pavlik\/#primaryimage\"},\"thumbnailUrl\":\"https:\/\/www.fede.education\/wp-content\/uploads\/2022\/06\/comitescientifique_Bertrand_Pavlik.jpg\",\"keywords\":[\"Coll\u00e8ge d&rsquo;Experts\",\"Coll\u00e8ge d'Experts\"],\"inLanguage\":\"en-US\"},{\"@type\":\"WebPage\",\"@id\":\"https:\/\/www.fede.education\/en\/2020\/07\/03\/interviews-de-bertrand-pavlik\/\",\"url\":\"https:\/\/www.fede.education\/en\/2020\/07\/03\/interviews-de-bertrand-pavlik\/\",\"name\":\"Bertrand Pavlik: A valuable reinforcement for the FEDE's panel of experts - FEDE - F\u00e9d\u00e9ration Europ\u00e9enne Des Ecoles\",\"isPartOf\":{\"@id\":\"https:\/\/www.fede.education\/#website\"},\"primaryImageOfPage\":{\"@id\":\"https:\/\/www.fede.education\/en\/2020\/07\/03\/interviews-de-bertrand-pavlik\/#primaryimage\"},\"image\":{\"@id\":\"https:\/\/www.fede.education\/en\/2020\/07\/03\/interviews-de-bertrand-pavlik\/#primaryimage\"},\"thumbnailUrl\":\"https:\/\/www.fede.education\/wp-content\/uploads\/2022\/06\/comitescientifique_Bertrand_Pavlik.jpg\",\"datePublished\":\"2020-07-03T13:48:53+00:00\",\"dateModified\":\"2023-02-23T14:26:51+00:00\",\"breadcrumb\":{\"@id\":\"https:\/\/www.fede.education\/en\/2020\/07\/03\/interviews-de-bertrand-pavlik\/#breadcrumb\"},\"inLanguage\":\"en-US\",\"potentialAction\":[{\"@type\":\"ReadAction\",\"target\":[\"https:\/\/www.fede.education\/en\/2020\/07\/03\/interviews-de-bertrand-pavlik\/\"]}]},{\"@type\":\"ImageObject\",\"inLanguage\":\"en-US\",\"@id\":\"https:\/\/www.fede.education\/en\/2020\/07\/03\/interviews-de-bertrand-pavlik\/#primaryimage\",\"url\":\"https:\/\/www.fede.education\/wp-content\/uploads\/2022\/06\/comitescientifique_Bertrand_Pavlik.jpg\",\"contentUrl\":\"https:\/\/www.fede.education\/wp-content\/uploads\/2022\/06\/comitescientifique_Bertrand_Pavlik.jpg\",\"width\":1200,\"height\":627},{\"@type\":\"BreadcrumbList\",\"@id\":\"https:\/\/www.fede.education\/en\/2020\/07\/03\/interviews-de-bertrand-pavlik\/#breadcrumb\",\"itemListElement\":[{\"@type\":\"ListItem\",\"position\":1,\"name\":\"Accueil\",\"item\":\"https:\/\/www.fede.education\/en\/\"},{\"@type\":\"ListItem\",\"position\":2,\"name\":\"Bertrand Pavlik: A valuable reinforcement for the FEDE's panel of experts\"}]},{\"@type\":\"WebSite\",\"@id\":\"https:\/\/www.fede.education\/#website\",\"url\":\"https:\/\/www.fede.education\/\",\"name\":\"FEDE - F\u00e9d\u00e9ration Europ\u00e9enne Des Ecoles\",\"description\":\"\",\"publisher\":{\"@id\":\"https:\/\/www.fede.education\/#organization\"},\"potentialAction\":[{\"@type\":\"SearchAction\",\"target\":{\"@type\":\"EntryPoint\",\"urlTemplate\":\"https:\/\/www.fede.education\/?s={search_term_string}\"},\"query-input\":{\"@type\":\"PropertyValueSpecification\",\"valueRequired\":true,\"valueName\":\"search_term_string\"}}],\"inLanguage\":\"en-US\"},{\"@type\":\"Organization\",\"@id\":\"https:\/\/www.fede.education\/#organization\",\"name\":\"FEDE - F\u00e9d\u00e9ration Europ\u00e9enne Des Ecoles\",\"url\":\"https:\/\/www.fede.education\/\",\"logo\":{\"@type\":\"ImageObject\",\"inLanguage\":\"en-US\",\"@id\":\"https:\/\/www.fede.education\/#\/schema\/logo\/image\/\",\"url\":\"https:\/\/www.fede.education\/wp-content\/uploads\/2022\/08\/cropped-Logo_entete_site_FEDE.png\",\"contentUrl\":\"https:\/\/www.fede.education\/wp-content\/uploads\/2022\/08\/cropped-Logo_entete_site_FEDE.png\",\"width\":512,\"height\":512,\"caption\":\"FEDE - F\u00e9d\u00e9ration Europ\u00e9enne Des Ecoles\"},\"image\":{\"@id\":\"https:\/\/www.fede.education\/#\/schema\/logo\/image\/\"},\"sameAs\":[\"https:\/\/www.facebook.com\/fede.education\",\"https:\/\/x.com\/FEDE_OING\",\"https:\/\/twitter.com\/FEDE_OING\"]},{\"@type\":\"Person\",\"@id\":\"https:\/\/www.fede.education\/#\/schema\/person\/61c51d589cfbfa2aa5a2b91ddf0eb81c\",\"name\":\"Trang BUI\",\"image\":{\"@type\":\"ImageObject\",\"inLanguage\":\"en-US\",\"@id\":\"https:\/\/www.fede.education\/#\/schema\/person\/image\/\",\"url\":\"https:\/\/secure.gravatar.com\/avatar\/e5509f4dff895ea41a5f1ca18bdfc2f4?s=96&d=mm&r=g\",\"contentUrl\":\"https:\/\/secure.gravatar.com\/avatar\/e5509f4dff895ea41a5f1ca18bdfc2f4?s=96&d=mm&r=g\",\"caption\":\"Trang BUI\"},\"url\":\"https:\/\/www.fede.education\/en\/author\/tbui\/\"}]}<\/script>\n<!-- \/ Yoast SEO plugin. -->","yoast_head_json":{"title":"Bertrand Pavlik: A valuable reinforcement for the FEDE's panel of experts - FEDE - F\u00e9d\u00e9ration Europ\u00e9enne Des Ecoles","robots":{"index":"index","follow":"follow","max-snippet":"max-snippet:-1","max-image-preview":"max-image-preview:large","max-video-preview":"max-video-preview:-1"},"canonical":"https:\/\/www.fede.education\/en\/2020\/07\/03\/interviews-de-bertrand-pavlik\/","og_locale":"en_US","og_type":"article","og_title":"Bertrand Pavlik: A valuable reinforcement for the FEDE's panel of experts - FEDE - F\u00e9d\u00e9ration Europ\u00e9enne Des Ecoles","og_description":"Lawyer, Councillor of the 6th arrondissement of Paris for nearly 20 years, columnist on Sud Radio, lecturer at the University Paris 1 Panth\u00e9on Sorbonne, Bertand Pavlik was also seven times French Champion of American Football. He shares his eclecticism with the FEDE. What is your background? I have two postgraduate degrees in law (in 1989, University of Paris Nanterre and in 1990, University of Paris 1 Panth\u00e9on Sorbonne) and the CAPA (Certificat d&#8217;Aptitude \u00e0 la Profession d&#8217;Avocat). I am also a graduate of the ESCP (Ecole Sup\u00e9rieure de Commerce de Paris 1992). What is your current position? I am a lawyer at the Paris Bar. I chose to practice this profession because I feel empathy for people and also to participate in the smooth running of society. I work in [&hellip;]","og_url":"https:\/\/www.fede.education\/en\/2020\/07\/03\/interviews-de-bertrand-pavlik\/","og_site_name":"FEDE - F\u00e9d\u00e9ration Europ\u00e9enne Des Ecoles","article_publisher":"https:\/\/www.facebook.com\/fede.education","article_published_time":"2020-07-03T13:48:53+00:00","article_modified_time":"2023-02-23T14:26:51+00:00","og_image":[{"width":1200,"height":627,"url":"https:\/\/www.fede.education\/wp-content\/uploads\/2022\/06\/comitescientifique_Bertrand_Pavlik.jpg","type":"image\/jpeg"}],"author":"Trang BUI","twitter_card":"summary_large_image","twitter_creator":"@FEDE_OING","twitter_site":"@FEDE_OING","twitter_misc":{"Written by":"Trang BUI","Est. reading time":"1 minute"},"schema":{"@context":"https:\/\/schema.org","@graph":[{"@type":"Article","@id":"https:\/\/www.fede.education\/en\/2020\/07\/03\/interviews-de-bertrand-pavlik\/#article","isPartOf":{"@id":"https:\/\/www.fede.education\/en\/2020\/07\/03\/interviews-de-bertrand-pavlik\/"},"author":{"name":"Trang BUI","@id":"https:\/\/www.fede.education\/#\/schema\/person\/61c51d589cfbfa2aa5a2b91ddf0eb81c"},"headline":"Bertrand Pavlik: A valuable reinforcement for the FEDE&#8217;s panel of experts","datePublished":"2020-07-03T13:48:53+00:00","dateModified":"2023-02-23T14:26:51+00:00","mainEntityOfPage":{"@id":"https:\/\/www.fede.education\/en\/2020\/07\/03\/interviews-de-bertrand-pavlik\/"},"wordCount":230,"publisher":{"@id":"https:\/\/www.fede.education\/#organization"},"image":{"@id":"https:\/\/www.fede.education\/en\/2020\/07\/03\/interviews-de-bertrand-pavlik\/#primaryimage"},"thumbnailUrl":"https:\/\/www.fede.education\/wp-content\/uploads\/2022\/06\/comitescientifique_Bertrand_Pavlik.jpg","keywords":["Coll\u00e8ge d&rsquo;Experts","Coll\u00e8ge d'Experts"],"inLanguage":"en-US"},{"@type":"WebPage","@id":"https:\/\/www.fede.education\/en\/2020\/07\/03\/interviews-de-bertrand-pavlik\/","url":"https:\/\/www.fede.education\/en\/2020\/07\/03\/interviews-de-bertrand-pavlik\/","name":"Bertrand Pavlik: A valuable reinforcement for the FEDE's panel of experts - FEDE - F\u00e9d\u00e9ration Europ\u00e9enne Des Ecoles","isPartOf":{"@id":"https:\/\/www.fede.education\/#website"},"primaryImageOfPage":{"@id":"https:\/\/www.fede.education\/en\/2020\/07\/03\/interviews-de-bertrand-pavlik\/#primaryimage"},"image":{"@id":"https:\/\/www.fede.education\/en\/2020\/07\/03\/interviews-de-bertrand-pavlik\/#primaryimage"},"thumbnailUrl":"https:\/\/www.fede.education\/wp-content\/uploads\/2022\/06\/comitescientifique_Bertrand_Pavlik.jpg","datePublished":"2020-07-03T13:48:53+00:00","dateModified":"2023-02-23T14:26:51+00:00","breadcrumb":{"@id":"https:\/\/www.fede.education\/en\/2020\/07\/03\/interviews-de-bertrand-pavlik\/#breadcrumb"},"inLanguage":"en-US","potentialAction":[{"@type":"ReadAction","target":["https:\/\/www.fede.education\/en\/2020\/07\/03\/interviews-de-bertrand-pavlik\/"]}]},{"@type":"ImageObject","inLanguage":"en-US","@id":"https:\/\/www.fede.education\/en\/2020\/07\/03\/interviews-de-bertrand-pavlik\/#primaryimage","url":"https:\/\/www.fede.education\/wp-content\/uploads\/2022\/06\/comitescientifique_Bertrand_Pavlik.jpg","contentUrl":"https:\/\/www.fede.education\/wp-content\/uploads\/2022\/06\/comitescientifique_Bertrand_Pavlik.jpg","width":1200,"height":627},{"@type":"BreadcrumbList","@id":"https:\/\/www.fede.education\/en\/2020\/07\/03\/interviews-de-bertrand-pavlik\/#breadcrumb","itemListElement":[{"@type":"ListItem","position":1,"name":"Accueil","item":"https:\/\/www.fede.education\/en\/"},{"@type":"ListItem","position":2,"name":"Bertrand Pavlik: A valuable reinforcement for the FEDE's panel of experts"}]},{"@type":"WebSite","@id":"https:\/\/www.fede.education\/#website","url":"https:\/\/www.fede.education\/","name":"FEDE - F\u00e9d\u00e9ration Europ\u00e9enne Des Ecoles","description":"","publisher":{"@id":"https:\/\/www.fede.education\/#organization"},"potentialAction":[{"@type":"SearchAction","target":{"@type":"EntryPoint","urlTemplate":"https:\/\/www.fede.education\/?s={search_term_string}"},"query-input":{"@type":"PropertyValueSpecification","valueRequired":true,"valueName":"search_term_string"}}],"inLanguage":"en-US"},{"@type":"Organization","@id":"https:\/\/www.fede.education\/#organization","name":"FEDE - F\u00e9d\u00e9ration Europ\u00e9enne Des Ecoles","url":"https:\/\/www.fede.education\/","logo":{"@type":"ImageObject","inLanguage":"en-US","@id":"https:\/\/www.fede.education\/#\/schema\/logo\/image\/","url":"https:\/\/www.fede.education\/wp-content\/uploads\/2022\/08\/cropped-Logo_entete_site_FEDE.png","contentUrl":"https:\/\/www.fede.education\/wp-content\/uploads\/2022\/08\/cropped-Logo_entete_site_FEDE.png","width":512,"height":512,"caption":"FEDE - F\u00e9d\u00e9ration Europ\u00e9enne Des Ecoles"},"image":{"@id":"https:\/\/www.fede.education\/#\/schema\/logo\/image\/"},"sameAs":["https:\/\/www.facebook.com\/fede.education","https:\/\/x.com\/FEDE_OING","https:\/\/twitter.com\/FEDE_OING"]},{"@type":"Person","@id":"https:\/\/www.fede.education\/#\/schema\/person\/61c51d589cfbfa2aa5a2b91ddf0eb81c","name":"Trang BUI","image":{"@type":"ImageObject","inLanguage":"en-US","@id":"https:\/\/www.fede.education\/#\/schema\/person\/image\/","url":"https:\/\/secure.gravatar.com\/avatar\/e5509f4dff895ea41a5f1ca18bdfc2f4?s=96&d=mm&r=g","contentUrl":"https:\/\/secure.gravatar.com\/avatar\/e5509f4dff895ea41a5f1ca18bdfc2f4?s=96&d=mm&r=g","caption":"Trang BUI"},"url":"https:\/\/www.fede.education\/en\/author\/tbui\/"}]}},"_links":{"self":[{"href":"https:\/\/www.fede.education\/en\/wp-json\/wp\/v2\/posts\/38352"}],"collection":[{"href":"https:\/\/www.fede.education\/en\/wp-json\/wp\/v2\/posts"}],"about":[{"href":"https:\/\/www.fede.education\/en\/wp-json\/wp\/v2\/types\/post"}],"author":[{"embeddable":true,"href":"https:\/\/www.fede.education\/en\/wp-json\/wp\/v2\/users\/10"}],"replies":[{"embeddable":true,"href":"https:\/\/www.fede.education\/en\/wp-json\/wp\/v2\/comments?post=38352"}],"version-history":[{"count":1,"href":"https:\/\/www.fede.education\/en\/wp-json\/wp\/v2\/posts\/38352\/revisions"}],"predecessor-version":[{"id":38354,"href":"https:\/\/www.fede.education\/en\/wp-json\/wp\/v2\/posts\/38352\/revisions\/38354"}],"wp:featuredmedia":[{"embeddable":true,"href":"https:\/\/www.fede.education\/en\/wp-json\/wp\/v2\/media\/33771"}],"wp:attachment":[{"href":"https:\/\/www.fede.education\/en\/wp-json\/wp\/v2\/media?parent=38352"}],"wp:term":[{"taxonomy":"category","embeddable":true,"href":"https:\/\/www.fede.education\/en\/wp-json\/wp\/v2\/categories?post=38352"},{"taxonomy":"post_tag","embeddable":true,"href":"https:\/\/www.fede.education\/en\/wp-json\/wp\/v2\/tags?post=38352"}],"curies":[{"name":"wp","href":"https:\/\/api.w.org\/{rel}","templated":true}]}}