{"id":38590,"date":"2019-05-23T11:00:14","date_gmt":"2019-05-23T09:00:14","guid":{"rendered":"https:\/\/www.fede.education\/2019\/05\/23\/the-academic-council-has-gained-a-new-member-coralia-cotoraci\/"},"modified":"2023-02-23T15:27:02","modified_gmt":"2023-02-23T14:27:02","slug":"the-academic-council-has-gained-a-new-member-coralia-cotoraci","status":"publish","type":"post","link":"https:\/\/www.fede.education\/en\/2019\/05\/23\/the-academic-council-has-gained-a-new-member-coralia-cotoraci\/","title":{"rendered":"The Academic Council has gained a new member: Coralia Cotoraci"},"content":{"rendered":"<p>Rector of the Vasile Goldi\u015f University (UVVG) in Arad, Romania, Coralia Cotoraci is a medical professional and renowned teacher. She has just joined the FEDE\u2019s Academic Council.<\/p>\n<p>In addition to a PhD (thesis title \u2018Morphological and Evolving Clinical Aspects of Myelodysplastic Syndromes\u2019), Coralia Cotoraci also has a master\u2019s in psychology and psychotherapy. Well known in the medical sector in Romania, she specialises in internal medicine (haematology) and teaches haematology, bioethics and medical ethics at the faculties of medicine, pharmacy and dental surgery of the University of Arad.<\/p>\n<p>A participant in numerous international research projects, Coralia Cotoraci has completed her professional profile with experience in team and general management. She currently heads the haematology department of the Arad Regional Emergency Hospital, where she manages a large team of medical and administrative staff.<\/p>\n","protected":false},"excerpt":{"rendered":"<p>Rector of the Vasile Goldi\u015f University (UVVG) in Arad, Romania, Coralia Cotoraci is a medical professional and renowned teacher. She has just joined the FEDE\u2019s Academic Council. In addition to a PhD (thesis title \u2018Morphological and Evolving Clinical Aspects of Myelodysplastic Syndromes\u2019), Coralia Cotoraci also has a master\u2019s in psychology and psychotherapy. Well known in the medical sector in Romania, she specialises in internal medicine (haematology) and teaches haematology, bioethics and medical ethics at the faculties of medicine, pharmacy and dental surgery of the University of Arad. A participant in numerous international research projects, Coralia Cotoraci has completed her professional profile with experience in team and general management. She currently heads the haematology department of the Arad Regional Emergency Hospital, where she manages a large team of medical and administrative [&hellip;]<\/p>\n","protected":false},"author":10,"featured_media":32894,"comment_status":"closed","ping_status":"open","sticky":false,"template":"","format":"standard","meta":{"_acf_changed":false,"footnotes":""},"categories":[],"tags":[],"class_list":["post-38590","post","type-post","status-publish","format-standard","has-post-thumbnail","hentry"],"acf":[],"yoast_head":"<!-- This site is optimized with the Yoast SEO plugin v23.5 - https:\/\/yoast.com\/wordpress\/plugins\/seo\/ -->\n<title>The Academic Council has gained a new member: Coralia Cotoraci - FEDE - F\u00e9d\u00e9ration Europ\u00e9enne Des Ecoles<\/title>\n<meta name=\"robots\" content=\"index, follow, max-snippet:-1, max-image-preview:large, max-video-preview:-1\" \/>\n<link rel=\"canonical\" href=\"https:\/\/www.fede.education\/en\/2019\/05\/23\/the-academic-council-has-gained-a-new-member-coralia-cotoraci\/\" \/>\n<meta property=\"og:locale\" content=\"en_US\" \/>\n<meta property=\"og:type\" content=\"article\" \/>\n<meta property=\"og:title\" content=\"The Academic Council has gained a new member: Coralia Cotoraci - FEDE - F\u00e9d\u00e9ration Europ\u00e9enne Des Ecoles\" \/>\n<meta property=\"og:description\" content=\"Rector of the Vasile Goldi\u015f University (UVVG) in Arad, Romania, Coralia Cotoraci is a medical professional and renowned teacher. She has just joined the FEDE\u2019s Academic Council. In addition to a PhD (thesis title \u2018Morphological and Evolving Clinical Aspects of Myelodysplastic Syndromes\u2019), Coralia Cotoraci also has a master\u2019s in psychology and psychotherapy. Well known in the medical sector in Romania, she specialises in internal medicine (haematology) and teaches haematology, bioethics and medical ethics at the faculties of medicine, pharmacy and dental surgery of the University of Arad. A participant in numerous international research projects, Coralia Cotoraci has completed her professional profile with experience in team and general management. She currently heads the haematology department of the Arad Regional Emergency Hospital, where she manages a large team of medical and administrative [&hellip;]\" \/>\n<meta property=\"og:url\" content=\"https:\/\/www.fede.education\/en\/2019\/05\/23\/the-academic-council-has-gained-a-new-member-coralia-cotoraci\/\" \/>\n<meta property=\"og:site_name\" content=\"FEDE - F\u00e9d\u00e9ration Europ\u00e9enne Des Ecoles\" \/>\n<meta property=\"article:publisher\" content=\"https:\/\/www.facebook.com\/fede.education\" \/>\n<meta property=\"article:published_time\" content=\"2019-05-23T09:00:14+00:00\" \/>\n<meta property=\"article:modified_time\" content=\"2023-02-23T14:27:02+00:00\" \/>\n<meta property=\"og:image\" content=\"https:\/\/www.fede.education\/wp-content\/uploads\/2022\/06\/comitescientifique_profil_Coralia-Cotoraci-ok.jpg\" \/>\n\t<meta property=\"og:image:width\" content=\"1200\" \/>\n\t<meta property=\"og:image:height\" content=\"627\" \/>\n\t<meta property=\"og:image:type\" content=\"image\/jpeg\" \/>\n<meta name=\"author\" content=\"Trang BUI\" \/>\n<meta name=\"twitter:card\" content=\"summary_large_image\" \/>\n<meta name=\"twitter:creator\" content=\"@FEDE_OING\" \/>\n<meta name=\"twitter:site\" content=\"@FEDE_OING\" \/>\n<meta name=\"twitter:label1\" content=\"Written by\" \/>\n\t<meta name=\"twitter:data1\" content=\"Trang BUI\" \/>\n\t<meta name=\"twitter:label2\" content=\"Est. reading time\" \/>\n\t<meta name=\"twitter:data2\" content=\"1 minute\" \/>\n<script type=\"application\/ld+json\" class=\"yoast-schema-graph\">{\"@context\":\"https:\/\/schema.org\",\"@graph\":[{\"@type\":\"Article\",\"@id\":\"https:\/\/www.fede.education\/en\/2019\/05\/23\/the-academic-council-has-gained-a-new-member-coralia-cotoraci\/#article\",\"isPartOf\":{\"@id\":\"https:\/\/www.fede.education\/en\/2019\/05\/23\/the-academic-council-has-gained-a-new-member-coralia-cotoraci\/\"},\"author\":{\"name\":\"Trang BUI\",\"@id\":\"https:\/\/www.fede.education\/#\/schema\/person\/61c51d589cfbfa2aa5a2b91ddf0eb81c\"},\"headline\":\"The Academic Council has gained a new member: Coralia Cotoraci\",\"datePublished\":\"2019-05-23T09:00:14+00:00\",\"dateModified\":\"2023-02-23T14:27:02+00:00\",\"mainEntityOfPage\":{\"@id\":\"https:\/\/www.fede.education\/en\/2019\/05\/23\/the-academic-council-has-gained-a-new-member-coralia-cotoraci\/\"},\"wordCount\":143,\"publisher\":{\"@id\":\"https:\/\/www.fede.education\/#organization\"},\"image\":{\"@id\":\"https:\/\/www.fede.education\/en\/2019\/05\/23\/the-academic-council-has-gained-a-new-member-coralia-cotoraci\/#primaryimage\"},\"thumbnailUrl\":\"https:\/\/www.fede.education\/wp-content\/uploads\/2022\/06\/comitescientifique_profil_Coralia-Cotoraci-ok.jpg\",\"inLanguage\":\"en-US\"},{\"@type\":\"WebPage\",\"@id\":\"https:\/\/www.fede.education\/en\/2019\/05\/23\/the-academic-council-has-gained-a-new-member-coralia-cotoraci\/\",\"url\":\"https:\/\/www.fede.education\/en\/2019\/05\/23\/the-academic-council-has-gained-a-new-member-coralia-cotoraci\/\",\"name\":\"The Academic Council has gained a new member: Coralia Cotoraci - FEDE - F\u00e9d\u00e9ration Europ\u00e9enne Des Ecoles\",\"isPartOf\":{\"@id\":\"https:\/\/www.fede.education\/#website\"},\"primaryImageOfPage\":{\"@id\":\"https:\/\/www.fede.education\/en\/2019\/05\/23\/the-academic-council-has-gained-a-new-member-coralia-cotoraci\/#primaryimage\"},\"image\":{\"@id\":\"https:\/\/www.fede.education\/en\/2019\/05\/23\/the-academic-council-has-gained-a-new-member-coralia-cotoraci\/#primaryimage\"},\"thumbnailUrl\":\"https:\/\/www.fede.education\/wp-content\/uploads\/2022\/06\/comitescientifique_profil_Coralia-Cotoraci-ok.jpg\",\"datePublished\":\"2019-05-23T09:00:14+00:00\",\"dateModified\":\"2023-02-23T14:27:02+00:00\",\"breadcrumb\":{\"@id\":\"https:\/\/www.fede.education\/en\/2019\/05\/23\/the-academic-council-has-gained-a-new-member-coralia-cotoraci\/#breadcrumb\"},\"inLanguage\":\"en-US\",\"potentialAction\":[{\"@type\":\"ReadAction\",\"target\":[\"https:\/\/www.fede.education\/en\/2019\/05\/23\/the-academic-council-has-gained-a-new-member-coralia-cotoraci\/\"]}]},{\"@type\":\"ImageObject\",\"inLanguage\":\"en-US\",\"@id\":\"https:\/\/www.fede.education\/en\/2019\/05\/23\/the-academic-council-has-gained-a-new-member-coralia-cotoraci\/#primaryimage\",\"url\":\"https:\/\/www.fede.education\/wp-content\/uploads\/2022\/06\/comitescientifique_profil_Coralia-Cotoraci-ok.jpg\",\"contentUrl\":\"https:\/\/www.fede.education\/wp-content\/uploads\/2022\/06\/comitescientifique_profil_Coralia-Cotoraci-ok.jpg\",\"width\":1200,\"height\":627},{\"@type\":\"BreadcrumbList\",\"@id\":\"https:\/\/www.fede.education\/en\/2019\/05\/23\/the-academic-council-has-gained-a-new-member-coralia-cotoraci\/#breadcrumb\",\"itemListElement\":[{\"@type\":\"ListItem\",\"position\":1,\"name\":\"Accueil\",\"item\":\"https:\/\/www.fede.education\/en\/\"},{\"@type\":\"ListItem\",\"position\":2,\"name\":\"The Academic Council has gained a new member: Coralia Cotoraci\"}]},{\"@type\":\"WebSite\",\"@id\":\"https:\/\/www.fede.education\/#website\",\"url\":\"https:\/\/www.fede.education\/\",\"name\":\"FEDE - F\u00e9d\u00e9ration Europ\u00e9enne Des Ecoles\",\"description\":\"\",\"publisher\":{\"@id\":\"https:\/\/www.fede.education\/#organization\"},\"potentialAction\":[{\"@type\":\"SearchAction\",\"target\":{\"@type\":\"EntryPoint\",\"urlTemplate\":\"https:\/\/www.fede.education\/?s={search_term_string}\"},\"query-input\":{\"@type\":\"PropertyValueSpecification\",\"valueRequired\":true,\"valueName\":\"search_term_string\"}}],\"inLanguage\":\"en-US\"},{\"@type\":\"Organization\",\"@id\":\"https:\/\/www.fede.education\/#organization\",\"name\":\"FEDE - F\u00e9d\u00e9ration Europ\u00e9enne Des Ecoles\",\"url\":\"https:\/\/www.fede.education\/\",\"logo\":{\"@type\":\"ImageObject\",\"inLanguage\":\"en-US\",\"@id\":\"https:\/\/www.fede.education\/#\/schema\/logo\/image\/\",\"url\":\"https:\/\/www.fede.education\/wp-content\/uploads\/2022\/08\/cropped-Logo_entete_site_FEDE.png\",\"contentUrl\":\"https:\/\/www.fede.education\/wp-content\/uploads\/2022\/08\/cropped-Logo_entete_site_FEDE.png\",\"width\":512,\"height\":512,\"caption\":\"FEDE - F\u00e9d\u00e9ration Europ\u00e9enne Des Ecoles\"},\"image\":{\"@id\":\"https:\/\/www.fede.education\/#\/schema\/logo\/image\/\"},\"sameAs\":[\"https:\/\/www.facebook.com\/fede.education\",\"https:\/\/x.com\/FEDE_OING\",\"https:\/\/twitter.com\/FEDE_OING\"]},{\"@type\":\"Person\",\"@id\":\"https:\/\/www.fede.education\/#\/schema\/person\/61c51d589cfbfa2aa5a2b91ddf0eb81c\",\"name\":\"Trang BUI\",\"image\":{\"@type\":\"ImageObject\",\"inLanguage\":\"en-US\",\"@id\":\"https:\/\/www.fede.education\/#\/schema\/person\/image\/\",\"url\":\"https:\/\/secure.gravatar.com\/avatar\/e5509f4dff895ea41a5f1ca18bdfc2f4?s=96&d=mm&r=g\",\"contentUrl\":\"https:\/\/secure.gravatar.com\/avatar\/e5509f4dff895ea41a5f1ca18bdfc2f4?s=96&d=mm&r=g\",\"caption\":\"Trang BUI\"},\"url\":\"https:\/\/www.fede.education\/en\/author\/tbui\/\"}]}<\/script>\n<!-- \/ Yoast SEO plugin. -->","yoast_head_json":{"title":"The Academic Council has gained a new member: Coralia Cotoraci - FEDE - F\u00e9d\u00e9ration Europ\u00e9enne Des Ecoles","robots":{"index":"index","follow":"follow","max-snippet":"max-snippet:-1","max-image-preview":"max-image-preview:large","max-video-preview":"max-video-preview:-1"},"canonical":"https:\/\/www.fede.education\/en\/2019\/05\/23\/the-academic-council-has-gained-a-new-member-coralia-cotoraci\/","og_locale":"en_US","og_type":"article","og_title":"The Academic Council has gained a new member: Coralia Cotoraci - FEDE - F\u00e9d\u00e9ration Europ\u00e9enne Des Ecoles","og_description":"Rector of the Vasile Goldi\u015f University (UVVG) in Arad, Romania, Coralia Cotoraci is a medical professional and renowned teacher. She has just joined the FEDE\u2019s Academic Council. In addition to a PhD (thesis title \u2018Morphological and Evolving Clinical Aspects of Myelodysplastic Syndromes\u2019), Coralia Cotoraci also has a master\u2019s in psychology and psychotherapy. Well known in the medical sector in Romania, she specialises in internal medicine (haematology) and teaches haematology, bioethics and medical ethics at the faculties of medicine, pharmacy and dental surgery of the University of Arad. A participant in numerous international research projects, Coralia Cotoraci has completed her professional profile with experience in team and general management. She currently heads the haematology department of the Arad Regional Emergency Hospital, where she manages a large team of medical and administrative [&hellip;]","og_url":"https:\/\/www.fede.education\/en\/2019\/05\/23\/the-academic-council-has-gained-a-new-member-coralia-cotoraci\/","og_site_name":"FEDE - F\u00e9d\u00e9ration Europ\u00e9enne Des Ecoles","article_publisher":"https:\/\/www.facebook.com\/fede.education","article_published_time":"2019-05-23T09:00:14+00:00","article_modified_time":"2023-02-23T14:27:02+00:00","og_image":[{"width":1200,"height":627,"url":"https:\/\/www.fede.education\/wp-content\/uploads\/2022\/06\/comitescientifique_profil_Coralia-Cotoraci-ok.jpg","type":"image\/jpeg"}],"author":"Trang BUI","twitter_card":"summary_large_image","twitter_creator":"@FEDE_OING","twitter_site":"@FEDE_OING","twitter_misc":{"Written by":"Trang BUI","Est. reading time":"1 minute"},"schema":{"@context":"https:\/\/schema.org","@graph":[{"@type":"Article","@id":"https:\/\/www.fede.education\/en\/2019\/05\/23\/the-academic-council-has-gained-a-new-member-coralia-cotoraci\/#article","isPartOf":{"@id":"https:\/\/www.fede.education\/en\/2019\/05\/23\/the-academic-council-has-gained-a-new-member-coralia-cotoraci\/"},"author":{"name":"Trang BUI","@id":"https:\/\/www.fede.education\/#\/schema\/person\/61c51d589cfbfa2aa5a2b91ddf0eb81c"},"headline":"The Academic Council has gained a new member: Coralia Cotoraci","datePublished":"2019-05-23T09:00:14+00:00","dateModified":"2023-02-23T14:27:02+00:00","mainEntityOfPage":{"@id":"https:\/\/www.fede.education\/en\/2019\/05\/23\/the-academic-council-has-gained-a-new-member-coralia-cotoraci\/"},"wordCount":143,"publisher":{"@id":"https:\/\/www.fede.education\/#organization"},"image":{"@id":"https:\/\/www.fede.education\/en\/2019\/05\/23\/the-academic-council-has-gained-a-new-member-coralia-cotoraci\/#primaryimage"},"thumbnailUrl":"https:\/\/www.fede.education\/wp-content\/uploads\/2022\/06\/comitescientifique_profil_Coralia-Cotoraci-ok.jpg","inLanguage":"en-US"},{"@type":"WebPage","@id":"https:\/\/www.fede.education\/en\/2019\/05\/23\/the-academic-council-has-gained-a-new-member-coralia-cotoraci\/","url":"https:\/\/www.fede.education\/en\/2019\/05\/23\/the-academic-council-has-gained-a-new-member-coralia-cotoraci\/","name":"The Academic Council has gained a new member: Coralia Cotoraci - FEDE - F\u00e9d\u00e9ration Europ\u00e9enne Des Ecoles","isPartOf":{"@id":"https:\/\/www.fede.education\/#website"},"primaryImageOfPage":{"@id":"https:\/\/www.fede.education\/en\/2019\/05\/23\/the-academic-council-has-gained-a-new-member-coralia-cotoraci\/#primaryimage"},"image":{"@id":"https:\/\/www.fede.education\/en\/2019\/05\/23\/the-academic-council-has-gained-a-new-member-coralia-cotoraci\/#primaryimage"},"thumbnailUrl":"https:\/\/www.fede.education\/wp-content\/uploads\/2022\/06\/comitescientifique_profil_Coralia-Cotoraci-ok.jpg","datePublished":"2019-05-23T09:00:14+00:00","dateModified":"2023-02-23T14:27:02+00:00","breadcrumb":{"@id":"https:\/\/www.fede.education\/en\/2019\/05\/23\/the-academic-council-has-gained-a-new-member-coralia-cotoraci\/#breadcrumb"},"inLanguage":"en-US","potentialAction":[{"@type":"ReadAction","target":["https:\/\/www.fede.education\/en\/2019\/05\/23\/the-academic-council-has-gained-a-new-member-coralia-cotoraci\/"]}]},{"@type":"ImageObject","inLanguage":"en-US","@id":"https:\/\/www.fede.education\/en\/2019\/05\/23\/the-academic-council-has-gained-a-new-member-coralia-cotoraci\/#primaryimage","url":"https:\/\/www.fede.education\/wp-content\/uploads\/2022\/06\/comitescientifique_profil_Coralia-Cotoraci-ok.jpg","contentUrl":"https:\/\/www.fede.education\/wp-content\/uploads\/2022\/06\/comitescientifique_profil_Coralia-Cotoraci-ok.jpg","width":1200,"height":627},{"@type":"BreadcrumbList","@id":"https:\/\/www.fede.education\/en\/2019\/05\/23\/the-academic-council-has-gained-a-new-member-coralia-cotoraci\/#breadcrumb","itemListElement":[{"@type":"ListItem","position":1,"name":"Accueil","item":"https:\/\/www.fede.education\/en\/"},{"@type":"ListItem","position":2,"name":"The Academic Council has gained a new member: Coralia Cotoraci"}]},{"@type":"WebSite","@id":"https:\/\/www.fede.education\/#website","url":"https:\/\/www.fede.education\/","name":"FEDE - F\u00e9d\u00e9ration Europ\u00e9enne Des Ecoles","description":"","publisher":{"@id":"https:\/\/www.fede.education\/#organization"},"potentialAction":[{"@type":"SearchAction","target":{"@type":"EntryPoint","urlTemplate":"https:\/\/www.fede.education\/?s={search_term_string}"},"query-input":{"@type":"PropertyValueSpecification","valueRequired":true,"valueName":"search_term_string"}}],"inLanguage":"en-US"},{"@type":"Organization","@id":"https:\/\/www.fede.education\/#organization","name":"FEDE - F\u00e9d\u00e9ration Europ\u00e9enne Des Ecoles","url":"https:\/\/www.fede.education\/","logo":{"@type":"ImageObject","inLanguage":"en-US","@id":"https:\/\/www.fede.education\/#\/schema\/logo\/image\/","url":"https:\/\/www.fede.education\/wp-content\/uploads\/2022\/08\/cropped-Logo_entete_site_FEDE.png","contentUrl":"https:\/\/www.fede.education\/wp-content\/uploads\/2022\/08\/cropped-Logo_entete_site_FEDE.png","width":512,"height":512,"caption":"FEDE - F\u00e9d\u00e9ration Europ\u00e9enne Des Ecoles"},"image":{"@id":"https:\/\/www.fede.education\/#\/schema\/logo\/image\/"},"sameAs":["https:\/\/www.facebook.com\/fede.education","https:\/\/x.com\/FEDE_OING","https:\/\/twitter.com\/FEDE_OING"]},{"@type":"Person","@id":"https:\/\/www.fede.education\/#\/schema\/person\/61c51d589cfbfa2aa5a2b91ddf0eb81c","name":"Trang BUI","image":{"@type":"ImageObject","inLanguage":"en-US","@id":"https:\/\/www.fede.education\/#\/schema\/person\/image\/","url":"https:\/\/secure.gravatar.com\/avatar\/e5509f4dff895ea41a5f1ca18bdfc2f4?s=96&d=mm&r=g","contentUrl":"https:\/\/secure.gravatar.com\/avatar\/e5509f4dff895ea41a5f1ca18bdfc2f4?s=96&d=mm&r=g","caption":"Trang BUI"},"url":"https:\/\/www.fede.education\/en\/author\/tbui\/"}]}},"_links":{"self":[{"href":"https:\/\/www.fede.education\/en\/wp-json\/wp\/v2\/posts\/38590"}],"collection":[{"href":"https:\/\/www.fede.education\/en\/wp-json\/wp\/v2\/posts"}],"about":[{"href":"https:\/\/www.fede.education\/en\/wp-json\/wp\/v2\/types\/post"}],"author":[{"embeddable":true,"href":"https:\/\/www.fede.education\/en\/wp-json\/wp\/v2\/users\/10"}],"replies":[{"embeddable":true,"href":"https:\/\/www.fede.education\/en\/wp-json\/wp\/v2\/comments?post=38590"}],"version-history":[{"count":1,"href":"https:\/\/www.fede.education\/en\/wp-json\/wp\/v2\/posts\/38590\/revisions"}],"predecessor-version":[{"id":38592,"href":"https:\/\/www.fede.education\/en\/wp-json\/wp\/v2\/posts\/38590\/revisions\/38592"}],"wp:featuredmedia":[{"embeddable":true,"href":"https:\/\/www.fede.education\/en\/wp-json\/wp\/v2\/media\/32894"}],"wp:attachment":[{"href":"https:\/\/www.fede.education\/en\/wp-json\/wp\/v2\/media?parent=38590"}],"wp:term":[{"taxonomy":"category","embeddable":true,"href":"https:\/\/www.fede.education\/en\/wp-json\/wp\/v2\/categories?post=38590"},{"taxonomy":"post_tag","embeddable":true,"href":"https:\/\/www.fede.education\/en\/wp-json\/wp\/v2\/tags?post=38590"}],"curies":[{"name":"wp","href":"https:\/\/api.w.org\/{rel}","templated":true}]}}