{"id":38639,"date":"2019-02-01T11:36:42","date_gmt":"2019-02-01T10:36:42","guid":{"rendered":"https:\/\/www.fede.education\/2019\/02\/01\/stephane-solotareff-physicist-and-psychologist-at-the-fede\/"},"modified":"2023-02-23T15:30:37","modified_gmt":"2023-02-23T14:30:37","slug":"stephane-solotareff-physicist-and-psychologist-at-the-fede","status":"publish","type":"post","link":"https:\/\/www.fede.education\/en\/2019\/02\/01\/stephane-solotareff-physicist-and-psychologist-at-the-fede\/","title":{"rendered":"St\u00e9phane Solotareff: physicist and psychologist at the FEDE"},"content":{"rendered":"<p>Cyberneticist and psychologist St\u00e9phane Solotareff has had an unusual career path. A graduate of the French engineering school CentraleSup\u00e9lec (1977), he went on to obtain a PhD in theoretical physics (1979) following publication of his report to the French Academy of Sciences. He is also a graduate of the Institut de Haute Finance, where he wrote his dissertation on economic systems (1990). In 1994 he qualified as dielian (based on the theories of Paul Diel) therapist.<\/p>\n<p>In 2007 Professor Solotareff created a socio-cognitive method for analyzing company personnel \u2013 a method that he went on to apply in major companies such as ITW, IBM, Legrand and others. His systemic approach to psychology has enabled him to work on a range of HR topics. He now works exclusively on the psychology of motivation \u2013 an approach devised by Paul Diel in 1946.<\/p>\n<p>Visiting professor in Morocco and Russia, St\u00e9phane Solotareff is head of the Department of Psychology of the University of Oujda. He is also founder of the Ecole des Hautes Etudes en Psychologie de la Motivation (EHEPM), Paris \u2013 a FEDE-network member \u2013 and its Russian sister institution, the Academy of Humanities, Samara, where he teaches as part of a team of philosophers, psychiatrists and psychologists. Fluent in French, English and Russian, Professor Solotareff supervises PhD students in psychology at the Universities of Samara and Orenburg in Russia and at the University of Oujda in Morocco.<\/p>\n<p>Author of four books on the psychology of motivation, St\u00e9phane Solotareff has formulated a new approach to the psychology of motivation by means of a mathematical formulation of the \u2018laws\u2019 of the inner wrold theorised by Paul Diel. Thanks to Solotareff\u2019s approach, psychology can now be considered a fundamental science.<\/p>\n<p>St\u00e9phane Solotareff regularly takes part at international conferences on psychiatry and psychology.<\/p>\n","protected":false},"excerpt":{"rendered":"<p>Cyberneticist and psychologist St\u00e9phane Solotareff has had an unusual career path. A graduate of the French engineering school CentraleSup\u00e9lec (1977), he went on to obtain a PhD in theoretical physics (1979) following publication of his report to the French Academy of Sciences. He is also a graduate of the Institut de Haute Finance, where he wrote his dissertation on economic systems (1990). In 1994 he qualified as dielian (based on the theories of Paul Diel) therapist. In 2007 Professor Solotareff created a socio-cognitive method for analyzing company personnel \u2013 a method that he went on to apply in major companies such as ITW, IBM, Legrand and others. His systemic approach to psychology has enabled him to work on a range of HR topics. He now works exclusively on the psychology [&hellip;]<\/p>\n","protected":false},"author":10,"featured_media":32803,"comment_status":"closed","ping_status":"open","sticky":false,"template":"","format":"standard","meta":{"_acf_changed":false,"footnotes":""},"categories":[99],"tags":[118,119],"class_list":["post-38639","post","type-post","status-publish","format-standard","has-post-thumbnail","hentry","category-uncategorized","tag-college-dexperts-en","tag-college-dexperts-en-2"],"acf":[],"yoast_head":"<!-- This site is optimized with the Yoast SEO plugin v23.5 - https:\/\/yoast.com\/wordpress\/plugins\/seo\/ -->\n<title>St\u00e9phane Solotareff: physicist and psychologist at the FEDE - FEDE - F\u00e9d\u00e9ration Europ\u00e9enne Des Ecoles<\/title>\n<meta name=\"robots\" content=\"index, follow, max-snippet:-1, max-image-preview:large, max-video-preview:-1\" \/>\n<link rel=\"canonical\" href=\"https:\/\/www.fede.education\/en\/2019\/02\/01\/stephane-solotareff-physicist-and-psychologist-at-the-fede\/\" \/>\n<meta property=\"og:locale\" content=\"en_US\" \/>\n<meta property=\"og:type\" content=\"article\" \/>\n<meta property=\"og:title\" content=\"St\u00e9phane Solotareff: physicist and psychologist at the FEDE - FEDE - F\u00e9d\u00e9ration Europ\u00e9enne Des Ecoles\" \/>\n<meta property=\"og:description\" content=\"Cyberneticist and psychologist St\u00e9phane Solotareff has had an unusual career path. A graduate of the French engineering school CentraleSup\u00e9lec (1977), he went on to obtain a PhD in theoretical physics (1979) following publication of his report to the French Academy of Sciences. He is also a graduate of the Institut de Haute Finance, where he wrote his dissertation on economic systems (1990). In 1994 he qualified as dielian (based on the theories of Paul Diel) therapist. In 2007 Professor Solotareff created a socio-cognitive method for analyzing company personnel \u2013 a method that he went on to apply in major companies such as ITW, IBM, Legrand and others. His systemic approach to psychology has enabled him to work on a range of HR topics. He now works exclusively on the psychology [&hellip;]\" \/>\n<meta property=\"og:url\" content=\"https:\/\/www.fede.education\/en\/2019\/02\/01\/stephane-solotareff-physicist-and-psychologist-at-the-fede\/\" \/>\n<meta property=\"og:site_name\" content=\"FEDE - F\u00e9d\u00e9ration Europ\u00e9enne Des Ecoles\" \/>\n<meta property=\"article:publisher\" content=\"https:\/\/www.facebook.com\/fede.education\" \/>\n<meta property=\"article:published_time\" content=\"2019-02-01T10:36:42+00:00\" \/>\n<meta property=\"article:modified_time\" content=\"2023-02-23T14:30:37+00:00\" \/>\n<meta property=\"og:image\" content=\"https:\/\/www.fede.education\/wp-content\/uploads\/2022\/06\/stephane_sototareff.jpg\" \/>\n\t<meta property=\"og:image:width\" content=\"1200\" \/>\n\t<meta property=\"og:image:height\" content=\"627\" \/>\n\t<meta property=\"og:image:type\" content=\"image\/jpeg\" \/>\n<meta name=\"author\" content=\"Trang BUI\" \/>\n<meta name=\"twitter:card\" content=\"summary_large_image\" \/>\n<meta name=\"twitter:creator\" content=\"@FEDE_OING\" \/>\n<meta name=\"twitter:site\" content=\"@FEDE_OING\" \/>\n<meta name=\"twitter:label1\" content=\"Written by\" \/>\n\t<meta name=\"twitter:data1\" content=\"Trang BUI\" \/>\n\t<meta name=\"twitter:label2\" content=\"Est. reading time\" \/>\n\t<meta name=\"twitter:data2\" content=\"1 minute\" \/>\n<script type=\"application\/ld+json\" class=\"yoast-schema-graph\">{\"@context\":\"https:\/\/schema.org\",\"@graph\":[{\"@type\":\"Article\",\"@id\":\"https:\/\/www.fede.education\/en\/2019\/02\/01\/stephane-solotareff-physicist-and-psychologist-at-the-fede\/#article\",\"isPartOf\":{\"@id\":\"https:\/\/www.fede.education\/en\/2019\/02\/01\/stephane-solotareff-physicist-and-psychologist-at-the-fede\/\"},\"author\":{\"name\":\"Trang BUI\",\"@id\":\"https:\/\/www.fede.education\/#\/schema\/person\/61c51d589cfbfa2aa5a2b91ddf0eb81c\"},\"headline\":\"St\u00e9phane Solotareff: physicist and psychologist at the FEDE\",\"datePublished\":\"2019-02-01T10:36:42+00:00\",\"dateModified\":\"2023-02-23T14:30:37+00:00\",\"mainEntityOfPage\":{\"@id\":\"https:\/\/www.fede.education\/en\/2019\/02\/01\/stephane-solotareff-physicist-and-psychologist-at-the-fede\/\"},\"wordCount\":303,\"publisher\":{\"@id\":\"https:\/\/www.fede.education\/#organization\"},\"image\":{\"@id\":\"https:\/\/www.fede.education\/en\/2019\/02\/01\/stephane-solotareff-physicist-and-psychologist-at-the-fede\/#primaryimage\"},\"thumbnailUrl\":\"https:\/\/www.fede.education\/wp-content\/uploads\/2022\/06\/stephane_sototareff.jpg\",\"keywords\":[\"Coll\u00e8ge d&rsquo;Experts\",\"Coll\u00e8ge d'Experts\"],\"inLanguage\":\"en-US\"},{\"@type\":\"WebPage\",\"@id\":\"https:\/\/www.fede.education\/en\/2019\/02\/01\/stephane-solotareff-physicist-and-psychologist-at-the-fede\/\",\"url\":\"https:\/\/www.fede.education\/en\/2019\/02\/01\/stephane-solotareff-physicist-and-psychologist-at-the-fede\/\",\"name\":\"St\u00e9phane Solotareff: physicist and psychologist at the FEDE - FEDE - F\u00e9d\u00e9ration Europ\u00e9enne Des Ecoles\",\"isPartOf\":{\"@id\":\"https:\/\/www.fede.education\/#website\"},\"primaryImageOfPage\":{\"@id\":\"https:\/\/www.fede.education\/en\/2019\/02\/01\/stephane-solotareff-physicist-and-psychologist-at-the-fede\/#primaryimage\"},\"image\":{\"@id\":\"https:\/\/www.fede.education\/en\/2019\/02\/01\/stephane-solotareff-physicist-and-psychologist-at-the-fede\/#primaryimage\"},\"thumbnailUrl\":\"https:\/\/www.fede.education\/wp-content\/uploads\/2022\/06\/stephane_sototareff.jpg\",\"datePublished\":\"2019-02-01T10:36:42+00:00\",\"dateModified\":\"2023-02-23T14:30:37+00:00\",\"breadcrumb\":{\"@id\":\"https:\/\/www.fede.education\/en\/2019\/02\/01\/stephane-solotareff-physicist-and-psychologist-at-the-fede\/#breadcrumb\"},\"inLanguage\":\"en-US\",\"potentialAction\":[{\"@type\":\"ReadAction\",\"target\":[\"https:\/\/www.fede.education\/en\/2019\/02\/01\/stephane-solotareff-physicist-and-psychologist-at-the-fede\/\"]}]},{\"@type\":\"ImageObject\",\"inLanguage\":\"en-US\",\"@id\":\"https:\/\/www.fede.education\/en\/2019\/02\/01\/stephane-solotareff-physicist-and-psychologist-at-the-fede\/#primaryimage\",\"url\":\"https:\/\/www.fede.education\/wp-content\/uploads\/2022\/06\/stephane_sototareff.jpg\",\"contentUrl\":\"https:\/\/www.fede.education\/wp-content\/uploads\/2022\/06\/stephane_sototareff.jpg\",\"width\":1200,\"height\":627},{\"@type\":\"BreadcrumbList\",\"@id\":\"https:\/\/www.fede.education\/en\/2019\/02\/01\/stephane-solotareff-physicist-and-psychologist-at-the-fede\/#breadcrumb\",\"itemListElement\":[{\"@type\":\"ListItem\",\"position\":1,\"name\":\"Accueil\",\"item\":\"https:\/\/www.fede.education\/en\/\"},{\"@type\":\"ListItem\",\"position\":2,\"name\":\"St\u00e9phane Solotareff: physicist and psychologist at the FEDE\"}]},{\"@type\":\"WebSite\",\"@id\":\"https:\/\/www.fede.education\/#website\",\"url\":\"https:\/\/www.fede.education\/\",\"name\":\"FEDE - F\u00e9d\u00e9ration Europ\u00e9enne Des Ecoles\",\"description\":\"\",\"publisher\":{\"@id\":\"https:\/\/www.fede.education\/#organization\"},\"potentialAction\":[{\"@type\":\"SearchAction\",\"target\":{\"@type\":\"EntryPoint\",\"urlTemplate\":\"https:\/\/www.fede.education\/?s={search_term_string}\"},\"query-input\":{\"@type\":\"PropertyValueSpecification\",\"valueRequired\":true,\"valueName\":\"search_term_string\"}}],\"inLanguage\":\"en-US\"},{\"@type\":\"Organization\",\"@id\":\"https:\/\/www.fede.education\/#organization\",\"name\":\"FEDE - F\u00e9d\u00e9ration Europ\u00e9enne Des Ecoles\",\"url\":\"https:\/\/www.fede.education\/\",\"logo\":{\"@type\":\"ImageObject\",\"inLanguage\":\"en-US\",\"@id\":\"https:\/\/www.fede.education\/#\/schema\/logo\/image\/\",\"url\":\"https:\/\/www.fede.education\/wp-content\/uploads\/2022\/08\/cropped-Logo_entete_site_FEDE.png\",\"contentUrl\":\"https:\/\/www.fede.education\/wp-content\/uploads\/2022\/08\/cropped-Logo_entete_site_FEDE.png\",\"width\":512,\"height\":512,\"caption\":\"FEDE - F\u00e9d\u00e9ration Europ\u00e9enne Des Ecoles\"},\"image\":{\"@id\":\"https:\/\/www.fede.education\/#\/schema\/logo\/image\/\"},\"sameAs\":[\"https:\/\/www.facebook.com\/fede.education\",\"https:\/\/x.com\/FEDE_OING\",\"https:\/\/twitter.com\/FEDE_OING\"]},{\"@type\":\"Person\",\"@id\":\"https:\/\/www.fede.education\/#\/schema\/person\/61c51d589cfbfa2aa5a2b91ddf0eb81c\",\"name\":\"Trang BUI\",\"image\":{\"@type\":\"ImageObject\",\"inLanguage\":\"en-US\",\"@id\":\"https:\/\/www.fede.education\/#\/schema\/person\/image\/\",\"url\":\"https:\/\/secure.gravatar.com\/avatar\/e5509f4dff895ea41a5f1ca18bdfc2f4?s=96&d=mm&r=g\",\"contentUrl\":\"https:\/\/secure.gravatar.com\/avatar\/e5509f4dff895ea41a5f1ca18bdfc2f4?s=96&d=mm&r=g\",\"caption\":\"Trang BUI\"},\"url\":\"https:\/\/www.fede.education\/en\/author\/tbui\/\"}]}<\/script>\n<!-- \/ Yoast SEO plugin. -->","yoast_head_json":{"title":"St\u00e9phane Solotareff: physicist and psychologist at the FEDE - FEDE - F\u00e9d\u00e9ration Europ\u00e9enne Des Ecoles","robots":{"index":"index","follow":"follow","max-snippet":"max-snippet:-1","max-image-preview":"max-image-preview:large","max-video-preview":"max-video-preview:-1"},"canonical":"https:\/\/www.fede.education\/en\/2019\/02\/01\/stephane-solotareff-physicist-and-psychologist-at-the-fede\/","og_locale":"en_US","og_type":"article","og_title":"St\u00e9phane Solotareff: physicist and psychologist at the FEDE - FEDE - F\u00e9d\u00e9ration Europ\u00e9enne Des Ecoles","og_description":"Cyberneticist and psychologist St\u00e9phane Solotareff has had an unusual career path. A graduate of the French engineering school CentraleSup\u00e9lec (1977), he went on to obtain a PhD in theoretical physics (1979) following publication of his report to the French Academy of Sciences. He is also a graduate of the Institut de Haute Finance, where he wrote his dissertation on economic systems (1990). In 1994 he qualified as dielian (based on the theories of Paul Diel) therapist. In 2007 Professor Solotareff created a socio-cognitive method for analyzing company personnel \u2013 a method that he went on to apply in major companies such as ITW, IBM, Legrand and others. His systemic approach to psychology has enabled him to work on a range of HR topics. He now works exclusively on the psychology [&hellip;]","og_url":"https:\/\/www.fede.education\/en\/2019\/02\/01\/stephane-solotareff-physicist-and-psychologist-at-the-fede\/","og_site_name":"FEDE - F\u00e9d\u00e9ration Europ\u00e9enne Des Ecoles","article_publisher":"https:\/\/www.facebook.com\/fede.education","article_published_time":"2019-02-01T10:36:42+00:00","article_modified_time":"2023-02-23T14:30:37+00:00","og_image":[{"width":1200,"height":627,"url":"https:\/\/www.fede.education\/wp-content\/uploads\/2022\/06\/stephane_sototareff.jpg","type":"image\/jpeg"}],"author":"Trang BUI","twitter_card":"summary_large_image","twitter_creator":"@FEDE_OING","twitter_site":"@FEDE_OING","twitter_misc":{"Written by":"Trang BUI","Est. reading time":"1 minute"},"schema":{"@context":"https:\/\/schema.org","@graph":[{"@type":"Article","@id":"https:\/\/www.fede.education\/en\/2019\/02\/01\/stephane-solotareff-physicist-and-psychologist-at-the-fede\/#article","isPartOf":{"@id":"https:\/\/www.fede.education\/en\/2019\/02\/01\/stephane-solotareff-physicist-and-psychologist-at-the-fede\/"},"author":{"name":"Trang BUI","@id":"https:\/\/www.fede.education\/#\/schema\/person\/61c51d589cfbfa2aa5a2b91ddf0eb81c"},"headline":"St\u00e9phane Solotareff: physicist and psychologist at the FEDE","datePublished":"2019-02-01T10:36:42+00:00","dateModified":"2023-02-23T14:30:37+00:00","mainEntityOfPage":{"@id":"https:\/\/www.fede.education\/en\/2019\/02\/01\/stephane-solotareff-physicist-and-psychologist-at-the-fede\/"},"wordCount":303,"publisher":{"@id":"https:\/\/www.fede.education\/#organization"},"image":{"@id":"https:\/\/www.fede.education\/en\/2019\/02\/01\/stephane-solotareff-physicist-and-psychologist-at-the-fede\/#primaryimage"},"thumbnailUrl":"https:\/\/www.fede.education\/wp-content\/uploads\/2022\/06\/stephane_sototareff.jpg","keywords":["Coll\u00e8ge d&rsquo;Experts","Coll\u00e8ge d'Experts"],"inLanguage":"en-US"},{"@type":"WebPage","@id":"https:\/\/www.fede.education\/en\/2019\/02\/01\/stephane-solotareff-physicist-and-psychologist-at-the-fede\/","url":"https:\/\/www.fede.education\/en\/2019\/02\/01\/stephane-solotareff-physicist-and-psychologist-at-the-fede\/","name":"St\u00e9phane Solotareff: physicist and psychologist at the FEDE - FEDE - F\u00e9d\u00e9ration Europ\u00e9enne Des Ecoles","isPartOf":{"@id":"https:\/\/www.fede.education\/#website"},"primaryImageOfPage":{"@id":"https:\/\/www.fede.education\/en\/2019\/02\/01\/stephane-solotareff-physicist-and-psychologist-at-the-fede\/#primaryimage"},"image":{"@id":"https:\/\/www.fede.education\/en\/2019\/02\/01\/stephane-solotareff-physicist-and-psychologist-at-the-fede\/#primaryimage"},"thumbnailUrl":"https:\/\/www.fede.education\/wp-content\/uploads\/2022\/06\/stephane_sototareff.jpg","datePublished":"2019-02-01T10:36:42+00:00","dateModified":"2023-02-23T14:30:37+00:00","breadcrumb":{"@id":"https:\/\/www.fede.education\/en\/2019\/02\/01\/stephane-solotareff-physicist-and-psychologist-at-the-fede\/#breadcrumb"},"inLanguage":"en-US","potentialAction":[{"@type":"ReadAction","target":["https:\/\/www.fede.education\/en\/2019\/02\/01\/stephane-solotareff-physicist-and-psychologist-at-the-fede\/"]}]},{"@type":"ImageObject","inLanguage":"en-US","@id":"https:\/\/www.fede.education\/en\/2019\/02\/01\/stephane-solotareff-physicist-and-psychologist-at-the-fede\/#primaryimage","url":"https:\/\/www.fede.education\/wp-content\/uploads\/2022\/06\/stephane_sototareff.jpg","contentUrl":"https:\/\/www.fede.education\/wp-content\/uploads\/2022\/06\/stephane_sototareff.jpg","width":1200,"height":627},{"@type":"BreadcrumbList","@id":"https:\/\/www.fede.education\/en\/2019\/02\/01\/stephane-solotareff-physicist-and-psychologist-at-the-fede\/#breadcrumb","itemListElement":[{"@type":"ListItem","position":1,"name":"Accueil","item":"https:\/\/www.fede.education\/en\/"},{"@type":"ListItem","position":2,"name":"St\u00e9phane Solotareff: physicist and psychologist at the FEDE"}]},{"@type":"WebSite","@id":"https:\/\/www.fede.education\/#website","url":"https:\/\/www.fede.education\/","name":"FEDE - F\u00e9d\u00e9ration Europ\u00e9enne Des Ecoles","description":"","publisher":{"@id":"https:\/\/www.fede.education\/#organization"},"potentialAction":[{"@type":"SearchAction","target":{"@type":"EntryPoint","urlTemplate":"https:\/\/www.fede.education\/?s={search_term_string}"},"query-input":{"@type":"PropertyValueSpecification","valueRequired":true,"valueName":"search_term_string"}}],"inLanguage":"en-US"},{"@type":"Organization","@id":"https:\/\/www.fede.education\/#organization","name":"FEDE - F\u00e9d\u00e9ration Europ\u00e9enne Des Ecoles","url":"https:\/\/www.fede.education\/","logo":{"@type":"ImageObject","inLanguage":"en-US","@id":"https:\/\/www.fede.education\/#\/schema\/logo\/image\/","url":"https:\/\/www.fede.education\/wp-content\/uploads\/2022\/08\/cropped-Logo_entete_site_FEDE.png","contentUrl":"https:\/\/www.fede.education\/wp-content\/uploads\/2022\/08\/cropped-Logo_entete_site_FEDE.png","width":512,"height":512,"caption":"FEDE - F\u00e9d\u00e9ration Europ\u00e9enne Des Ecoles"},"image":{"@id":"https:\/\/www.fede.education\/#\/schema\/logo\/image\/"},"sameAs":["https:\/\/www.facebook.com\/fede.education","https:\/\/x.com\/FEDE_OING","https:\/\/twitter.com\/FEDE_OING"]},{"@type":"Person","@id":"https:\/\/www.fede.education\/#\/schema\/person\/61c51d589cfbfa2aa5a2b91ddf0eb81c","name":"Trang BUI","image":{"@type":"ImageObject","inLanguage":"en-US","@id":"https:\/\/www.fede.education\/#\/schema\/person\/image\/","url":"https:\/\/secure.gravatar.com\/avatar\/e5509f4dff895ea41a5f1ca18bdfc2f4?s=96&d=mm&r=g","contentUrl":"https:\/\/secure.gravatar.com\/avatar\/e5509f4dff895ea41a5f1ca18bdfc2f4?s=96&d=mm&r=g","caption":"Trang BUI"},"url":"https:\/\/www.fede.education\/en\/author\/tbui\/"}]}},"_links":{"self":[{"href":"https:\/\/www.fede.education\/en\/wp-json\/wp\/v2\/posts\/38639"}],"collection":[{"href":"https:\/\/www.fede.education\/en\/wp-json\/wp\/v2\/posts"}],"about":[{"href":"https:\/\/www.fede.education\/en\/wp-json\/wp\/v2\/types\/post"}],"author":[{"embeddable":true,"href":"https:\/\/www.fede.education\/en\/wp-json\/wp\/v2\/users\/10"}],"replies":[{"embeddable":true,"href":"https:\/\/www.fede.education\/en\/wp-json\/wp\/v2\/comments?post=38639"}],"version-history":[{"count":1,"href":"https:\/\/www.fede.education\/en\/wp-json\/wp\/v2\/posts\/38639\/revisions"}],"predecessor-version":[{"id":38641,"href":"https:\/\/www.fede.education\/en\/wp-json\/wp\/v2\/posts\/38639\/revisions\/38641"}],"wp:featuredmedia":[{"embeddable":true,"href":"https:\/\/www.fede.education\/en\/wp-json\/wp\/v2\/media\/32803"}],"wp:attachment":[{"href":"https:\/\/www.fede.education\/en\/wp-json\/wp\/v2\/media?parent=38639"}],"wp:term":[{"taxonomy":"category","embeddable":true,"href":"https:\/\/www.fede.education\/en\/wp-json\/wp\/v2\/categories?post=38639"},{"taxonomy":"post_tag","embeddable":true,"href":"https:\/\/www.fede.education\/en\/wp-json\/wp\/v2\/tags?post=38639"}],"curies":[{"name":"wp","href":"https:\/\/api.w.org\/{rel}","templated":true}]}}