{"id":38684,"date":"2018-07-13T14:01:06","date_gmt":"2018-07-13T12:01:06","guid":{"rendered":"https:\/\/www.fede.education\/2018\/07\/13\/meeting-with-ifa-paris\/"},"modified":"2023-02-23T15:30:40","modified_gmt":"2023-02-23T14:30:40","slug":"meeting-with-ifa-paris","status":"publish","type":"post","link":"https:\/\/www.fede.education\/en\/2018\/07\/13\/meeting-with-ifa-paris\/","title":{"rendered":"Meeting with IFA Paris"},"content":{"rendered":"<p><strong><img decoding=\"async\" class=\"size-thumbnail wp-image-8244 alignleft\" src=\"https:\/\/www.fede.education\/wp-content\/uploads\/2018\/07\/Mr-Kouzmine-et-Mme-Chai-150x150.jpg\" alt=\"\" width=\"150\" height=\"150\" \/><\/strong><\/p>\n<p><strong>IFA Paris was founded in 1982. Where did the initial idea come from?<\/strong><\/p>\n<p>1982 is the official date, but the school was truly born in 1997, the fruit of a meeting between fashion specialist Olivia Chai and entrepreneur Patrick Kouzmine-Karavaieff. Together they relaunched the Paris school (300 students) and set up the Shanghai campus (700 students).<\/p>\n<p><strong>What are the reasons behind the success of IFA Paris?<\/strong><\/p>\n<p>First, we are truly international, with campuses in Paris, Shanghai and Istanbul. Second, we have consistently high academic standards. Third, there is a real ethos of creativity permeating all our programmes and courses.<\/p>\n<p><strong>How does IFA Paris compare to other fashion schools?\u00a0\u00a0\u00a0\u00a0\u00a0 <\/strong><\/p>\n<p>IFA Paris has an innovative approach that sets it apart from the other Parisian fashion schools:<\/p>\n<p>&#8211; IFA is different in that it has both Parisian roots and an international vision;<\/p>\n<p>&#8211; We make a point of using innovative teaching methods and new technology and of stressing an open-minded, international approach.<\/p>\n<p><strong><img decoding=\"async\" class=\" wp-image-8245 alignleft\" src=\"https:\/\/www.fede.education\/wp-content\/uploads\/2018\/07\/Photo-classe-site-150x150.jpg\" alt=\"\" width=\"149\" height=\"149\" \/><\/strong><\/p>\n<p><strong>Who are your students?<\/strong><\/p>\n<p>Our students come from over fifty countries.<\/p>\n<p>A French Baccalaureate or equivalent is required to enrol in the bachelor\u2019s programmes, but new students do not need to have prior experience in design or fashion marketing. Our bachelor\u2019s students go on to work as designers or personal assistants in the marketing or merchandising departments of fashion houses.<\/p>\n<p>Students enrolling in the MBA need a minimum of three years\u2019 experience. They are destined for management careers in the luxury, fashion or media sectors.<\/p>\n<p><strong>How would you describe your students\u2019 approach to fashion?<\/strong><\/p>\n<p>They have a passion for contemporary art, innovation and collaboration.<\/p>\n<p><strong>Can you tell us about <em>Designing Luxury Brands<\/em>, the latest book by Diana Derval, who teaches at IFA Paris?<\/strong><\/p>\n<p>Diana Derval is involved in our MBA programmes. Since 2004 she has been developing the Sensory Marketing and Anthropology of Luxury modules. In her latest book <em>Designing Luxury Brands<\/em>, which has been described by Philip Kotler as an major work, she explains how to create powerful luxury brands using techniques that draw on our knowledge of the senses and neuropsychology.<\/p>\n<p>On 17 May Diana Derval presented her research findings at a roundtable discussion at DS World Paris, chaired by Jean-Baptiste Andreani (Director of our Paris campus).<\/p>\n<p><strong>Who would you name as a fashion symbol?<\/strong><\/p>\n<p>Coco Chanel, who once said: \u2018Fashion is not found only in clothes. Fashion is in the air and carried on the wind. You sense it. Fashion is in the sky and in the street.\u2019<\/p>\n<p><strong>Who be on an ideal examination committee to judge students\u2019 work at the end of the year?<\/strong><\/p>\n<p>&#8211; Emmanuelle Alt, Chief Editor of <em>Vogue France;<\/em><\/p>\n<p>&#8211; David La Chapelle, Photographer;<\/p>\n<p>&#8211; Maria Grazia Chiuri, Creative Dierctor at Dior;<\/p>\n<p>&#8211; Fran\u00e7ois Henri Pinault, Chairman of Kering;<\/p>\n<p>&#8211; Three young fashion fanatics.<\/p>\n<p><strong>What are your students\u2019 career destinations?<\/strong><\/p>\n<p>They often go on to work in the design and marketing departments of major fashion\/luxury brands. 45 % set up their own companies, assisted by our Career and Alumni Center.<\/p>\n<p><strong>Can you tell us about an upcoming project?<\/strong><\/p>\n<p>We will be launching a sustainable development in fashion programme whose aim is to overturn the stereotypes associated with green fashion thanks to a detailed analysis of every stage in the supply chain. We will examine notions such as environmental accountancy and extending the life of products through upcycling.<\/p>\n<p>We also plan to launch a fashion tech programme that will help our students discover new creative techniques using augmented reality and other recent concepts such as big data and artificial intelligence.[\/vc_column_text][vc_separator][vc_column_text]Most recent events:<\/p>\n<p><strong>&#8211; The Hope Walk fashion show at the Good Change temporary theatre. Outfits by IFA Paris students working in pairs with refugees ;<br \/>\n&#8211; upcoming event: fashion show for the collections by students of the Bachelor\u2019s in Fashion Design and Technology (25 June 2018).<br \/>\n<\/strong><\/p>\n","protected":false},"excerpt":{"rendered":"<p>IFA Paris was founded in 1982. Where did the initial idea come from? 1982 is the official date, but the school was truly born in 1997, the fruit of a meeting between fashion specialist Olivia Chai and entrepreneur Patrick Kouzmine-Karavaieff. Together they relaunched the Paris school (300 students) and set up the Shanghai campus (700 students). What are the reasons behind the success of IFA Paris? First, we are truly international, with campuses in Paris, Shanghai and Istanbul. Second, we have consistently high academic standards. Third, there is a real ethos of creativity permeating all our programmes and courses. How does IFA Paris compare to other fashion schools?\u00a0\u00a0\u00a0\u00a0\u00a0 IFA Paris has an innovative approach that sets it apart from the other Parisian fashion schools: &#8211; IFA is different in that [&hellip;]<\/p>\n","protected":false},"author":10,"featured_media":32483,"comment_status":"closed","ping_status":"open","sticky":false,"template":"","format":"standard","meta":{"_acf_changed":false,"footnotes":""},"categories":[],"tags":[134],"class_list":["post-38684","post","type-post","status-publish","format-standard","has-post-thumbnail","hentry","tag-paroles-decoles-en-2"],"acf":[],"yoast_head":"<!-- This site is optimized with the Yoast SEO plugin v23.5 - https:\/\/yoast.com\/wordpress\/plugins\/seo\/ -->\n<title>Meeting with IFA Paris - FEDE - F\u00e9d\u00e9ration Europ\u00e9enne Des Ecoles<\/title>\n<meta name=\"robots\" content=\"index, follow, max-snippet:-1, max-image-preview:large, max-video-preview:-1\" \/>\n<link rel=\"canonical\" href=\"https:\/\/www.fede.education\/en\/2018\/07\/13\/meeting-with-ifa-paris\/\" \/>\n<meta property=\"og:locale\" content=\"en_US\" \/>\n<meta property=\"og:type\" content=\"article\" \/>\n<meta property=\"og:title\" content=\"Meeting with IFA Paris - FEDE - F\u00e9d\u00e9ration Europ\u00e9enne Des Ecoles\" \/>\n<meta property=\"og:description\" content=\"IFA Paris was founded in 1982. Where did the initial idea come from? 1982 is the official date, but the school was truly born in 1997, the fruit of a meeting between fashion specialist Olivia Chai and entrepreneur Patrick Kouzmine-Karavaieff. Together they relaunched the Paris school (300 students) and set up the Shanghai campus (700 students). What are the reasons behind the success of IFA Paris? First, we are truly international, with campuses in Paris, Shanghai and Istanbul. Second, we have consistently high academic standards. Third, there is a real ethos of creativity permeating all our programmes and courses. How does IFA Paris compare to other fashion schools?\u00a0\u00a0\u00a0\u00a0\u00a0 IFA Paris has an innovative approach that sets it apart from the other Parisian fashion schools: &#8211; IFA is different in that [&hellip;]\" \/>\n<meta property=\"og:url\" content=\"https:\/\/www.fede.education\/en\/2018\/07\/13\/meeting-with-ifa-paris\/\" \/>\n<meta property=\"og:site_name\" content=\"FEDE - F\u00e9d\u00e9ration Europ\u00e9enne Des Ecoles\" \/>\n<meta property=\"article:publisher\" content=\"https:\/\/www.facebook.com\/fede.education\" \/>\n<meta property=\"article:published_time\" content=\"2018-07-13T12:01:06+00:00\" \/>\n<meta property=\"article:modified_time\" content=\"2023-02-23T14:30:40+00:00\" \/>\n<meta property=\"og:image\" content=\"https:\/\/www.fede.education\/wp-content\/uploads\/2022\/05\/IFA_PARIS.jpg\" \/>\n\t<meta property=\"og:image:width\" content=\"1200\" \/>\n\t<meta property=\"og:image:height\" content=\"715\" \/>\n\t<meta property=\"og:image:type\" content=\"image\/jpeg\" \/>\n<meta name=\"author\" content=\"Trang BUI\" \/>\n<meta name=\"twitter:card\" content=\"summary_large_image\" \/>\n<meta name=\"twitter:creator\" content=\"@FEDE_OING\" \/>\n<meta name=\"twitter:site\" content=\"@FEDE_OING\" \/>\n<meta name=\"twitter:label1\" content=\"Written by\" \/>\n\t<meta name=\"twitter:data1\" content=\"Trang BUI\" \/>\n\t<meta name=\"twitter:label2\" content=\"Est. reading time\" \/>\n\t<meta name=\"twitter:data2\" content=\"3 minutes\" \/>\n<script type=\"application\/ld+json\" class=\"yoast-schema-graph\">{\"@context\":\"https:\/\/schema.org\",\"@graph\":[{\"@type\":\"Article\",\"@id\":\"https:\/\/www.fede.education\/en\/2018\/07\/13\/meeting-with-ifa-paris\/#article\",\"isPartOf\":{\"@id\":\"https:\/\/www.fede.education\/en\/2018\/07\/13\/meeting-with-ifa-paris\/\"},\"author\":{\"name\":\"Trang BUI\",\"@id\":\"https:\/\/www.fede.education\/#\/schema\/person\/61c51d589cfbfa2aa5a2b91ddf0eb81c\"},\"headline\":\"Meeting with IFA Paris\",\"datePublished\":\"2018-07-13T12:01:06+00:00\",\"dateModified\":\"2023-02-23T14:30:40+00:00\",\"mainEntityOfPage\":{\"@id\":\"https:\/\/www.fede.education\/en\/2018\/07\/13\/meeting-with-ifa-paris\/\"},\"wordCount\":637,\"publisher\":{\"@id\":\"https:\/\/www.fede.education\/#organization\"},\"image\":{\"@id\":\"https:\/\/www.fede.education\/en\/2018\/07\/13\/meeting-with-ifa-paris\/#primaryimage\"},\"thumbnailUrl\":\"https:\/\/www.fede.education\/wp-content\/uploads\/2022\/05\/IFA_PARIS.jpg\",\"keywords\":[\"Paroles d'Ecoles\"],\"inLanguage\":\"en-US\"},{\"@type\":\"WebPage\",\"@id\":\"https:\/\/www.fede.education\/en\/2018\/07\/13\/meeting-with-ifa-paris\/\",\"url\":\"https:\/\/www.fede.education\/en\/2018\/07\/13\/meeting-with-ifa-paris\/\",\"name\":\"Meeting with IFA Paris - FEDE - F\u00e9d\u00e9ration Europ\u00e9enne Des Ecoles\",\"isPartOf\":{\"@id\":\"https:\/\/www.fede.education\/#website\"},\"primaryImageOfPage\":{\"@id\":\"https:\/\/www.fede.education\/en\/2018\/07\/13\/meeting-with-ifa-paris\/#primaryimage\"},\"image\":{\"@id\":\"https:\/\/www.fede.education\/en\/2018\/07\/13\/meeting-with-ifa-paris\/#primaryimage\"},\"thumbnailUrl\":\"https:\/\/www.fede.education\/wp-content\/uploads\/2022\/05\/IFA_PARIS.jpg\",\"datePublished\":\"2018-07-13T12:01:06+00:00\",\"dateModified\":\"2023-02-23T14:30:40+00:00\",\"breadcrumb\":{\"@id\":\"https:\/\/www.fede.education\/en\/2018\/07\/13\/meeting-with-ifa-paris\/#breadcrumb\"},\"inLanguage\":\"en-US\",\"potentialAction\":[{\"@type\":\"ReadAction\",\"target\":[\"https:\/\/www.fede.education\/en\/2018\/07\/13\/meeting-with-ifa-paris\/\"]}]},{\"@type\":\"ImageObject\",\"inLanguage\":\"en-US\",\"@id\":\"https:\/\/www.fede.education\/en\/2018\/07\/13\/meeting-with-ifa-paris\/#primaryimage\",\"url\":\"https:\/\/www.fede.education\/wp-content\/uploads\/2022\/05\/IFA_PARIS.jpg\",\"contentUrl\":\"https:\/\/www.fede.education\/wp-content\/uploads\/2022\/05\/IFA_PARIS.jpg\",\"width\":1200,\"height\":715},{\"@type\":\"BreadcrumbList\",\"@id\":\"https:\/\/www.fede.education\/en\/2018\/07\/13\/meeting-with-ifa-paris\/#breadcrumb\",\"itemListElement\":[{\"@type\":\"ListItem\",\"position\":1,\"name\":\"Accueil\",\"item\":\"https:\/\/www.fede.education\/en\/\"},{\"@type\":\"ListItem\",\"position\":2,\"name\":\"Meeting with IFA Paris\"}]},{\"@type\":\"WebSite\",\"@id\":\"https:\/\/www.fede.education\/#website\",\"url\":\"https:\/\/www.fede.education\/\",\"name\":\"FEDE - F\u00e9d\u00e9ration Europ\u00e9enne Des Ecoles\",\"description\":\"\",\"publisher\":{\"@id\":\"https:\/\/www.fede.education\/#organization\"},\"potentialAction\":[{\"@type\":\"SearchAction\",\"target\":{\"@type\":\"EntryPoint\",\"urlTemplate\":\"https:\/\/www.fede.education\/?s={search_term_string}\"},\"query-input\":{\"@type\":\"PropertyValueSpecification\",\"valueRequired\":true,\"valueName\":\"search_term_string\"}}],\"inLanguage\":\"en-US\"},{\"@type\":\"Organization\",\"@id\":\"https:\/\/www.fede.education\/#organization\",\"name\":\"FEDE - F\u00e9d\u00e9ration Europ\u00e9enne Des Ecoles\",\"url\":\"https:\/\/www.fede.education\/\",\"logo\":{\"@type\":\"ImageObject\",\"inLanguage\":\"en-US\",\"@id\":\"https:\/\/www.fede.education\/#\/schema\/logo\/image\/\",\"url\":\"https:\/\/www.fede.education\/wp-content\/uploads\/2022\/08\/cropped-Logo_entete_site_FEDE.png\",\"contentUrl\":\"https:\/\/www.fede.education\/wp-content\/uploads\/2022\/08\/cropped-Logo_entete_site_FEDE.png\",\"width\":512,\"height\":512,\"caption\":\"FEDE - F\u00e9d\u00e9ration Europ\u00e9enne Des Ecoles\"},\"image\":{\"@id\":\"https:\/\/www.fede.education\/#\/schema\/logo\/image\/\"},\"sameAs\":[\"https:\/\/www.facebook.com\/fede.education\",\"https:\/\/x.com\/FEDE_OING\",\"https:\/\/twitter.com\/FEDE_OING\"]},{\"@type\":\"Person\",\"@id\":\"https:\/\/www.fede.education\/#\/schema\/person\/61c51d589cfbfa2aa5a2b91ddf0eb81c\",\"name\":\"Trang BUI\",\"image\":{\"@type\":\"ImageObject\",\"inLanguage\":\"en-US\",\"@id\":\"https:\/\/www.fede.education\/#\/schema\/person\/image\/\",\"url\":\"https:\/\/secure.gravatar.com\/avatar\/e5509f4dff895ea41a5f1ca18bdfc2f4?s=96&d=mm&r=g\",\"contentUrl\":\"https:\/\/secure.gravatar.com\/avatar\/e5509f4dff895ea41a5f1ca18bdfc2f4?s=96&d=mm&r=g\",\"caption\":\"Trang BUI\"},\"url\":\"https:\/\/www.fede.education\/en\/author\/tbui\/\"}]}<\/script>\n<!-- \/ Yoast SEO plugin. -->","yoast_head_json":{"title":"Meeting with IFA Paris - FEDE - F\u00e9d\u00e9ration Europ\u00e9enne Des Ecoles","robots":{"index":"index","follow":"follow","max-snippet":"max-snippet:-1","max-image-preview":"max-image-preview:large","max-video-preview":"max-video-preview:-1"},"canonical":"https:\/\/www.fede.education\/en\/2018\/07\/13\/meeting-with-ifa-paris\/","og_locale":"en_US","og_type":"article","og_title":"Meeting with IFA Paris - FEDE - F\u00e9d\u00e9ration Europ\u00e9enne Des Ecoles","og_description":"IFA Paris was founded in 1982. Where did the initial idea come from? 1982 is the official date, but the school was truly born in 1997, the fruit of a meeting between fashion specialist Olivia Chai and entrepreneur Patrick Kouzmine-Karavaieff. Together they relaunched the Paris school (300 students) and set up the Shanghai campus (700 students). What are the reasons behind the success of IFA Paris? First, we are truly international, with campuses in Paris, Shanghai and Istanbul. Second, we have consistently high academic standards. Third, there is a real ethos of creativity permeating all our programmes and courses. How does IFA Paris compare to other fashion schools?\u00a0\u00a0\u00a0\u00a0\u00a0 IFA Paris has an innovative approach that sets it apart from the other Parisian fashion schools: &#8211; IFA is different in that [&hellip;]","og_url":"https:\/\/www.fede.education\/en\/2018\/07\/13\/meeting-with-ifa-paris\/","og_site_name":"FEDE - F\u00e9d\u00e9ration Europ\u00e9enne Des Ecoles","article_publisher":"https:\/\/www.facebook.com\/fede.education","article_published_time":"2018-07-13T12:01:06+00:00","article_modified_time":"2023-02-23T14:30:40+00:00","og_image":[{"width":1200,"height":715,"url":"https:\/\/www.fede.education\/wp-content\/uploads\/2022\/05\/IFA_PARIS.jpg","type":"image\/jpeg"}],"author":"Trang BUI","twitter_card":"summary_large_image","twitter_creator":"@FEDE_OING","twitter_site":"@FEDE_OING","twitter_misc":{"Written by":"Trang BUI","Est. reading time":"3 minutes"},"schema":{"@context":"https:\/\/schema.org","@graph":[{"@type":"Article","@id":"https:\/\/www.fede.education\/en\/2018\/07\/13\/meeting-with-ifa-paris\/#article","isPartOf":{"@id":"https:\/\/www.fede.education\/en\/2018\/07\/13\/meeting-with-ifa-paris\/"},"author":{"name":"Trang BUI","@id":"https:\/\/www.fede.education\/#\/schema\/person\/61c51d589cfbfa2aa5a2b91ddf0eb81c"},"headline":"Meeting with IFA Paris","datePublished":"2018-07-13T12:01:06+00:00","dateModified":"2023-02-23T14:30:40+00:00","mainEntityOfPage":{"@id":"https:\/\/www.fede.education\/en\/2018\/07\/13\/meeting-with-ifa-paris\/"},"wordCount":637,"publisher":{"@id":"https:\/\/www.fede.education\/#organization"},"image":{"@id":"https:\/\/www.fede.education\/en\/2018\/07\/13\/meeting-with-ifa-paris\/#primaryimage"},"thumbnailUrl":"https:\/\/www.fede.education\/wp-content\/uploads\/2022\/05\/IFA_PARIS.jpg","keywords":["Paroles d'Ecoles"],"inLanguage":"en-US"},{"@type":"WebPage","@id":"https:\/\/www.fede.education\/en\/2018\/07\/13\/meeting-with-ifa-paris\/","url":"https:\/\/www.fede.education\/en\/2018\/07\/13\/meeting-with-ifa-paris\/","name":"Meeting with IFA Paris - FEDE - F\u00e9d\u00e9ration Europ\u00e9enne Des Ecoles","isPartOf":{"@id":"https:\/\/www.fede.education\/#website"},"primaryImageOfPage":{"@id":"https:\/\/www.fede.education\/en\/2018\/07\/13\/meeting-with-ifa-paris\/#primaryimage"},"image":{"@id":"https:\/\/www.fede.education\/en\/2018\/07\/13\/meeting-with-ifa-paris\/#primaryimage"},"thumbnailUrl":"https:\/\/www.fede.education\/wp-content\/uploads\/2022\/05\/IFA_PARIS.jpg","datePublished":"2018-07-13T12:01:06+00:00","dateModified":"2023-02-23T14:30:40+00:00","breadcrumb":{"@id":"https:\/\/www.fede.education\/en\/2018\/07\/13\/meeting-with-ifa-paris\/#breadcrumb"},"inLanguage":"en-US","potentialAction":[{"@type":"ReadAction","target":["https:\/\/www.fede.education\/en\/2018\/07\/13\/meeting-with-ifa-paris\/"]}]},{"@type":"ImageObject","inLanguage":"en-US","@id":"https:\/\/www.fede.education\/en\/2018\/07\/13\/meeting-with-ifa-paris\/#primaryimage","url":"https:\/\/www.fede.education\/wp-content\/uploads\/2022\/05\/IFA_PARIS.jpg","contentUrl":"https:\/\/www.fede.education\/wp-content\/uploads\/2022\/05\/IFA_PARIS.jpg","width":1200,"height":715},{"@type":"BreadcrumbList","@id":"https:\/\/www.fede.education\/en\/2018\/07\/13\/meeting-with-ifa-paris\/#breadcrumb","itemListElement":[{"@type":"ListItem","position":1,"name":"Accueil","item":"https:\/\/www.fede.education\/en\/"},{"@type":"ListItem","position":2,"name":"Meeting with IFA Paris"}]},{"@type":"WebSite","@id":"https:\/\/www.fede.education\/#website","url":"https:\/\/www.fede.education\/","name":"FEDE - F\u00e9d\u00e9ration Europ\u00e9enne Des Ecoles","description":"","publisher":{"@id":"https:\/\/www.fede.education\/#organization"},"potentialAction":[{"@type":"SearchAction","target":{"@type":"EntryPoint","urlTemplate":"https:\/\/www.fede.education\/?s={search_term_string}"},"query-input":{"@type":"PropertyValueSpecification","valueRequired":true,"valueName":"search_term_string"}}],"inLanguage":"en-US"},{"@type":"Organization","@id":"https:\/\/www.fede.education\/#organization","name":"FEDE - F\u00e9d\u00e9ration Europ\u00e9enne Des Ecoles","url":"https:\/\/www.fede.education\/","logo":{"@type":"ImageObject","inLanguage":"en-US","@id":"https:\/\/www.fede.education\/#\/schema\/logo\/image\/","url":"https:\/\/www.fede.education\/wp-content\/uploads\/2022\/08\/cropped-Logo_entete_site_FEDE.png","contentUrl":"https:\/\/www.fede.education\/wp-content\/uploads\/2022\/08\/cropped-Logo_entete_site_FEDE.png","width":512,"height":512,"caption":"FEDE - F\u00e9d\u00e9ration Europ\u00e9enne Des Ecoles"},"image":{"@id":"https:\/\/www.fede.education\/#\/schema\/logo\/image\/"},"sameAs":["https:\/\/www.facebook.com\/fede.education","https:\/\/x.com\/FEDE_OING","https:\/\/twitter.com\/FEDE_OING"]},{"@type":"Person","@id":"https:\/\/www.fede.education\/#\/schema\/person\/61c51d589cfbfa2aa5a2b91ddf0eb81c","name":"Trang BUI","image":{"@type":"ImageObject","inLanguage":"en-US","@id":"https:\/\/www.fede.education\/#\/schema\/person\/image\/","url":"https:\/\/secure.gravatar.com\/avatar\/e5509f4dff895ea41a5f1ca18bdfc2f4?s=96&d=mm&r=g","contentUrl":"https:\/\/secure.gravatar.com\/avatar\/e5509f4dff895ea41a5f1ca18bdfc2f4?s=96&d=mm&r=g","caption":"Trang BUI"},"url":"https:\/\/www.fede.education\/en\/author\/tbui\/"}]}},"_links":{"self":[{"href":"https:\/\/www.fede.education\/en\/wp-json\/wp\/v2\/posts\/38684"}],"collection":[{"href":"https:\/\/www.fede.education\/en\/wp-json\/wp\/v2\/posts"}],"about":[{"href":"https:\/\/www.fede.education\/en\/wp-json\/wp\/v2\/types\/post"}],"author":[{"embeddable":true,"href":"https:\/\/www.fede.education\/en\/wp-json\/wp\/v2\/users\/10"}],"replies":[{"embeddable":true,"href":"https:\/\/www.fede.education\/en\/wp-json\/wp\/v2\/comments?post=38684"}],"version-history":[{"count":2,"href":"https:\/\/www.fede.education\/en\/wp-json\/wp\/v2\/posts\/38684\/revisions"}],"predecessor-version":[{"id":38746,"href":"https:\/\/www.fede.education\/en\/wp-json\/wp\/v2\/posts\/38684\/revisions\/38746"}],"wp:featuredmedia":[{"embeddable":true,"href":"https:\/\/www.fede.education\/en\/wp-json\/wp\/v2\/media\/32483"}],"wp:attachment":[{"href":"https:\/\/www.fede.education\/en\/wp-json\/wp\/v2\/media?parent=38684"}],"wp:term":[{"taxonomy":"category","embeddable":true,"href":"https:\/\/www.fede.education\/en\/wp-json\/wp\/v2\/categories?post=38684"},{"taxonomy":"post_tag","embeddable":true,"href":"https:\/\/www.fede.education\/en\/wp-json\/wp\/v2\/tags?post=38684"}],"curies":[{"name":"wp","href":"https:\/\/api.w.org\/{rel}","templated":true}]}}