{"id":38692,"date":"2018-05-04T11:34:59","date_gmt":"2018-05-04T09:34:59","guid":{"rendered":"https:\/\/www.fede.education\/2018\/05\/04\/jeanne-courouble-a-multitalented-entrepreneur\/"},"modified":"2023-02-23T15:30:41","modified_gmt":"2023-02-23T14:30:41","slug":"jeanne-courouble-a-multitalented-entrepreneur","status":"publish","type":"post","link":"https:\/\/www.fede.education\/en\/2018\/05\/04\/jeanne-courouble-a-multitalented-entrepreneur\/","title":{"rendered":"Jeanne Courouble: a multitalented entrepreneur"},"content":{"rendered":"<p><strong>Jeanne Courouble has an Executive MBA from HEC, Paris. Entrepreneur, talented speaker, lecturer at HEC, member of the Soci\u00e9t\u00e9 des gens de lettres (a French organisation defending authors\u2019 rights) and colonel in the French R\u00e9serve citoyenne, she is, in addition to all that, a best-selling author. <\/strong><\/p>\n<p><strong>Jeanne Courouble is also a member of the FEDE\u2019s Panel of Experts. In the following interview she speaks about her latest book, her career as an entrepreneur, and much more.<\/strong><\/p>\n<p><strong>What would you say have been the most important elements of your education?<\/strong><\/p>\n<p>I\u2019m glad you said \u2018have been\u2019 and not \u2018were\u2019.\u00a0 For me education is lifelong and ongoing. Learning is an endlessly interesting luxury \u2013 a real source of joy. It is enriching both from the point of view of the teacher and the student.<\/p>\n<p><strong>Tell us more about your professional career.<\/strong><\/p>\n<p>One of the most basic of freedoms is the freedom to be yourself at work and maintain your integrity and creativity. In other words, the freedom both to live and to earn a living, without sacrificing one for the other\u2026 Given I had this philosophy, it was obvious that I needed to start my own business.<\/p>\n<p>I wrote several books on the subject, the idea being to nurture this dream and to turn it into reality, but also to share it with others. My book <em>Devenez votre propre patron<\/em> [Become Your Own Boss] was a bestseller. It was followed by other books, such as <em>Au bonheur d\u2019entreprendre<\/em> [The Joys of Enterprise]. I remember that Claude Vivier Le Got [currently President of the FEDE], whom I had the pleasure of interviewing at the time, was overflowing with talent and entrepreneurial energy.<\/p>\n<p>Alongside my writing career, I also spent 20 years building my promotional merchandise business. It was a source of much joy (and also of stress and anxiety!): creating original items, receiving mythic orders and unhoped-for down payments, checking and rechecking the books, getting positive feedback from clients and suppliers\u2026 And then there were the lifechanging encounters, the excitement of new opportunities&#8230; and the pleasure of sharing all this with a team that was, for the most part, full of enthusiasm.<\/p>\n<p><strong>What sparked the idea for your most recent book?<\/strong><\/p>\n<p>Firstly, a meeting with a wonderful person \u2013 Clarisse Angelier, a doctor of materials science and General Delegate of ANRT (the French National Association of Research and Technology). In 2011 she and I began investigating entrepreneurial talent among PhD graduates. We wrote up our findings in <em>Ces cr\u00e9ateurs d\u2019entreprises innovantes <\/em>[Innovative Business Creators]<em>.<\/em> As can be seen from the book\u2019s subheading \u2018<em>Quand doctorat se conjugue avec entrepreneuriat\u2019<\/em> [When \u2018PhD\u2019 Rhymes with Enterprise], our aim was to bring together these two worlds \u2013 business and academia. On top of that, as co-authors Clarisse and I were able to combine our different areas of expertise.<\/p>\n<p>Between creating a business and growing a business there is the smallest of steps, and nowadays it is essential to take it. \u2018Creation alone is no longer enough \u2013 there has to be growth!\u2019 (Fr\u00e9d\u00e9rique Vidal, French Minister of Higher Education, in the preface to <em>De la recherche et de l\u2019innovation<\/em> [On Research and Innovation]. We developed the same theme in <em>Ces innovateurs cr\u00e9ateurs de croissance <\/em>[The Innovators Who Generate Growth], which is part of the same series of books and has just been published by the French publisher Eyrolles.<\/p>\n<p>Secondly, my convictions. I\u2019ve always written about entrepreneurship. In the 1980s the subject was virgin territory \u2013 I had to break into it. Since then it has become standard teaching in business schools. Entrepreneurship is not something you learn \u2013 it\u2019s a matter of trial and error. You might say it is based on a broad core of transversal knowledge, and that you need to explore its various dimensions and facets, then achieve a balance between them. You also have to adapt your approach as fresh opportunities arise, as new technology emerges, as society and government regulations evolve.<\/p>\n<p>A self-taught person who is well-motivated and pragmatic and is really prepared to persevere can certainly create and grow a successful business.<\/p>\n<p>Things get more complicated when it comes to businesses specialising in innovative technology. In such cases there is a need for serious research and large investments.\u00a0 Time flies, the world is \u2018a scrap of confetti\u2019 and technology is a hurricane!\u00a0 Enter the PhD-Entrepreneurs, who have numerous skills to offer, as described in the book.<\/p>\n<p><strong>So why should we read the book?<\/strong><\/p>\n<p>The book showcases a number of inspiring careers. Ten enthusiastic entrepreneurs with PhDs share their experiences \u2013 Nicolas Abel\u00e9 (Lemoptix), Mohed Altrad (Groupe Altrad), S\u00e9bastien Bardon (Capsum), Amandine Bugnicourt and Matthieu Lafon (Adoc Talent Management), Andr\u00e9 Choulika (Cellectis), Alain Goudey (AtooMedia), Lo\u00efc Lecerf (Smart Me Up), Claude de Loupy (Syllabs), Virginie Simon (MyScienceWork).<\/p>\n<p>As Fr\u00e9d\u00e9rique Vidal writes in the preface: \u2018The book\u2019s innovators and \u2018growth generators\u2019 share their passions and their doubts, describe determination in the face of adversity and revisit the joy of daring to overcome obstacles. They capture the inspiring energy of change.\u2019<\/p>\n<p>The entrepreneurs featured in the book all have exceptional levels of positive energy, vision and determination. And yet their talents are diverse, and each has an original, unique approach to developing their business.<\/p>\n<p>The book is structured around fifty golden rules \u2013 what might be thought of as the keys to successfully developing a business.<\/p>\n<p><a href=\"https:\/\/www.amazon.fr\/s\/ref=nb_sb_noss?__mk_fr_FR=%C3%85M%C3%85%C5%BD%C3%95%C3%91&amp;url=search-alias%3Daps&amp;field-keywords=Ces+cr%C3%A9ateurs+d%27entreprise+innovantes\">Clarisse Angelier et Jeanne Courouble, <em>Ces cr\u00e9ateurs d&#8217;entreprise innovantes. Quand doctorat se conjugue avec entrepreneuriat.<\/em> Eyrolles 2011, r\u00e9\u00e9dition 2012.<\/a><\/p>\n","protected":false},"excerpt":{"rendered":"<p>Jeanne Courouble has an Executive MBA from HEC, Paris. Entrepreneur, talented speaker, lecturer at HEC, member of the Soci\u00e9t\u00e9 des gens de lettres (a French organisation defending authors\u2019 rights) and colonel in the French R\u00e9serve citoyenne, she is, in addition to all that, a best-selling author. Jeanne Courouble is also a member of the FEDE\u2019s Panel of Experts. In the following interview she speaks about her latest book, her career as an entrepreneur, and much more. What would you say have been the most important elements of your education? I\u2019m glad you said \u2018have been\u2019 and not \u2018were\u2019.\u00a0 For me education is lifelong and ongoing. Learning is an endlessly interesting luxury \u2013 a real source of joy. It is enriching both from the point of view of the teacher and [&hellip;]<\/p>\n","protected":false},"author":10,"featured_media":32457,"comment_status":"closed","ping_status":"open","sticky":false,"template":"","format":"standard","meta":{"_acf_changed":false,"footnotes":""},"categories":[],"tags":[119],"class_list":["post-38692","post","type-post","status-publish","format-standard","has-post-thumbnail","hentry","tag-college-dexperts-en-2"],"acf":[],"yoast_head":"<!-- This site is optimized with the Yoast SEO plugin v23.5 - https:\/\/yoast.com\/wordpress\/plugins\/seo\/ -->\n<title>Jeanne Courouble: a multitalented entrepreneur - FEDE - F\u00e9d\u00e9ration Europ\u00e9enne Des Ecoles<\/title>\n<meta name=\"robots\" content=\"index, follow, max-snippet:-1, max-image-preview:large, max-video-preview:-1\" \/>\n<link rel=\"canonical\" href=\"https:\/\/www.fede.education\/en\/2018\/05\/04\/jeanne-courouble-a-multitalented-entrepreneur\/\" \/>\n<meta property=\"og:locale\" content=\"en_US\" \/>\n<meta property=\"og:type\" content=\"article\" \/>\n<meta property=\"og:title\" content=\"Jeanne Courouble: a multitalented entrepreneur - FEDE - F\u00e9d\u00e9ration Europ\u00e9enne Des Ecoles\" \/>\n<meta property=\"og:description\" content=\"Jeanne Courouble has an Executive MBA from HEC, Paris. Entrepreneur, talented speaker, lecturer at HEC, member of the Soci\u00e9t\u00e9 des gens de lettres (a French organisation defending authors\u2019 rights) and colonel in the French R\u00e9serve citoyenne, she is, in addition to all that, a best-selling author. Jeanne Courouble is also a member of the FEDE\u2019s Panel of Experts. In the following interview she speaks about her latest book, her career as an entrepreneur, and much more. What would you say have been the most important elements of your education? I\u2019m glad you said \u2018have been\u2019 and not \u2018were\u2019.\u00a0 For me education is lifelong and ongoing. Learning is an endlessly interesting luxury \u2013 a real source of joy. It is enriching both from the point of view of the teacher and [&hellip;]\" \/>\n<meta property=\"og:url\" content=\"https:\/\/www.fede.education\/en\/2018\/05\/04\/jeanne-courouble-a-multitalented-entrepreneur\/\" \/>\n<meta property=\"og:site_name\" content=\"FEDE - F\u00e9d\u00e9ration Europ\u00e9enne Des Ecoles\" \/>\n<meta property=\"article:publisher\" content=\"https:\/\/www.facebook.com\/fede.education\" \/>\n<meta property=\"article:published_time\" content=\"2018-05-04T09:34:59+00:00\" \/>\n<meta property=\"article:modified_time\" content=\"2023-02-23T14:30:41+00:00\" \/>\n<meta property=\"og:image\" content=\"https:\/\/www.fede.education\/wp-content\/uploads\/2022\/05\/jeanne_courouble_fede_federation_europenne_ecoles.jpg\" \/>\n\t<meta property=\"og:image:width\" content=\"1200\" \/>\n\t<meta property=\"og:image:height\" content=\"627\" \/>\n\t<meta property=\"og:image:type\" content=\"image\/jpeg\" \/>\n<meta name=\"author\" content=\"Trang BUI\" \/>\n<meta name=\"twitter:card\" content=\"summary_large_image\" \/>\n<meta name=\"twitter:creator\" content=\"@FEDE_OING\" \/>\n<meta name=\"twitter:site\" content=\"@FEDE_OING\" \/>\n<meta name=\"twitter:label1\" content=\"Written by\" \/>\n\t<meta name=\"twitter:data1\" content=\"Trang BUI\" \/>\n\t<meta name=\"twitter:label2\" content=\"Est. reading time\" \/>\n\t<meta name=\"twitter:data2\" content=\"5 minutes\" \/>\n<script type=\"application\/ld+json\" class=\"yoast-schema-graph\">{\"@context\":\"https:\/\/schema.org\",\"@graph\":[{\"@type\":\"Article\",\"@id\":\"https:\/\/www.fede.education\/en\/2018\/05\/04\/jeanne-courouble-a-multitalented-entrepreneur\/#article\",\"isPartOf\":{\"@id\":\"https:\/\/www.fede.education\/en\/2018\/05\/04\/jeanne-courouble-a-multitalented-entrepreneur\/\"},\"author\":{\"name\":\"Trang BUI\",\"@id\":\"https:\/\/www.fede.education\/#\/schema\/person\/61c51d589cfbfa2aa5a2b91ddf0eb81c\"},\"headline\":\"Jeanne Courouble: a multitalented entrepreneur\",\"datePublished\":\"2018-05-04T09:34:59+00:00\",\"dateModified\":\"2023-02-23T14:30:41+00:00\",\"mainEntityOfPage\":{\"@id\":\"https:\/\/www.fede.education\/en\/2018\/05\/04\/jeanne-courouble-a-multitalented-entrepreneur\/\"},\"wordCount\":925,\"publisher\":{\"@id\":\"https:\/\/www.fede.education\/#organization\"},\"image\":{\"@id\":\"https:\/\/www.fede.education\/en\/2018\/05\/04\/jeanne-courouble-a-multitalented-entrepreneur\/#primaryimage\"},\"thumbnailUrl\":\"https:\/\/www.fede.education\/wp-content\/uploads\/2022\/05\/jeanne_courouble_fede_federation_europenne_ecoles.jpg\",\"keywords\":[\"Coll\u00e8ge d'Experts\"],\"inLanguage\":\"en-US\"},{\"@type\":\"WebPage\",\"@id\":\"https:\/\/www.fede.education\/en\/2018\/05\/04\/jeanne-courouble-a-multitalented-entrepreneur\/\",\"url\":\"https:\/\/www.fede.education\/en\/2018\/05\/04\/jeanne-courouble-a-multitalented-entrepreneur\/\",\"name\":\"Jeanne Courouble: a multitalented entrepreneur - FEDE - F\u00e9d\u00e9ration Europ\u00e9enne Des Ecoles\",\"isPartOf\":{\"@id\":\"https:\/\/www.fede.education\/#website\"},\"primaryImageOfPage\":{\"@id\":\"https:\/\/www.fede.education\/en\/2018\/05\/04\/jeanne-courouble-a-multitalented-entrepreneur\/#primaryimage\"},\"image\":{\"@id\":\"https:\/\/www.fede.education\/en\/2018\/05\/04\/jeanne-courouble-a-multitalented-entrepreneur\/#primaryimage\"},\"thumbnailUrl\":\"https:\/\/www.fede.education\/wp-content\/uploads\/2022\/05\/jeanne_courouble_fede_federation_europenne_ecoles.jpg\",\"datePublished\":\"2018-05-04T09:34:59+00:00\",\"dateModified\":\"2023-02-23T14:30:41+00:00\",\"breadcrumb\":{\"@id\":\"https:\/\/www.fede.education\/en\/2018\/05\/04\/jeanne-courouble-a-multitalented-entrepreneur\/#breadcrumb\"},\"inLanguage\":\"en-US\",\"potentialAction\":[{\"@type\":\"ReadAction\",\"target\":[\"https:\/\/www.fede.education\/en\/2018\/05\/04\/jeanne-courouble-a-multitalented-entrepreneur\/\"]}]},{\"@type\":\"ImageObject\",\"inLanguage\":\"en-US\",\"@id\":\"https:\/\/www.fede.education\/en\/2018\/05\/04\/jeanne-courouble-a-multitalented-entrepreneur\/#primaryimage\",\"url\":\"https:\/\/www.fede.education\/wp-content\/uploads\/2022\/05\/jeanne_courouble_fede_federation_europenne_ecoles.jpg\",\"contentUrl\":\"https:\/\/www.fede.education\/wp-content\/uploads\/2022\/05\/jeanne_courouble_fede_federation_europenne_ecoles.jpg\",\"width\":1200,\"height\":627},{\"@type\":\"BreadcrumbList\",\"@id\":\"https:\/\/www.fede.education\/en\/2018\/05\/04\/jeanne-courouble-a-multitalented-entrepreneur\/#breadcrumb\",\"itemListElement\":[{\"@type\":\"ListItem\",\"position\":1,\"name\":\"Accueil\",\"item\":\"https:\/\/www.fede.education\/en\/\"},{\"@type\":\"ListItem\",\"position\":2,\"name\":\"Jeanne Courouble: a multitalented entrepreneur\"}]},{\"@type\":\"WebSite\",\"@id\":\"https:\/\/www.fede.education\/#website\",\"url\":\"https:\/\/www.fede.education\/\",\"name\":\"FEDE - F\u00e9d\u00e9ration Europ\u00e9enne Des Ecoles\",\"description\":\"\",\"publisher\":{\"@id\":\"https:\/\/www.fede.education\/#organization\"},\"potentialAction\":[{\"@type\":\"SearchAction\",\"target\":{\"@type\":\"EntryPoint\",\"urlTemplate\":\"https:\/\/www.fede.education\/?s={search_term_string}\"},\"query-input\":{\"@type\":\"PropertyValueSpecification\",\"valueRequired\":true,\"valueName\":\"search_term_string\"}}],\"inLanguage\":\"en-US\"},{\"@type\":\"Organization\",\"@id\":\"https:\/\/www.fede.education\/#organization\",\"name\":\"FEDE - F\u00e9d\u00e9ration Europ\u00e9enne Des Ecoles\",\"url\":\"https:\/\/www.fede.education\/\",\"logo\":{\"@type\":\"ImageObject\",\"inLanguage\":\"en-US\",\"@id\":\"https:\/\/www.fede.education\/#\/schema\/logo\/image\/\",\"url\":\"https:\/\/www.fede.education\/wp-content\/uploads\/2022\/08\/cropped-Logo_entete_site_FEDE.png\",\"contentUrl\":\"https:\/\/www.fede.education\/wp-content\/uploads\/2022\/08\/cropped-Logo_entete_site_FEDE.png\",\"width\":512,\"height\":512,\"caption\":\"FEDE - F\u00e9d\u00e9ration Europ\u00e9enne Des Ecoles\"},\"image\":{\"@id\":\"https:\/\/www.fede.education\/#\/schema\/logo\/image\/\"},\"sameAs\":[\"https:\/\/www.facebook.com\/fede.education\",\"https:\/\/x.com\/FEDE_OING\",\"https:\/\/twitter.com\/FEDE_OING\"]},{\"@type\":\"Person\",\"@id\":\"https:\/\/www.fede.education\/#\/schema\/person\/61c51d589cfbfa2aa5a2b91ddf0eb81c\",\"name\":\"Trang BUI\",\"image\":{\"@type\":\"ImageObject\",\"inLanguage\":\"en-US\",\"@id\":\"https:\/\/www.fede.education\/#\/schema\/person\/image\/\",\"url\":\"https:\/\/secure.gravatar.com\/avatar\/e5509f4dff895ea41a5f1ca18bdfc2f4?s=96&d=mm&r=g\",\"contentUrl\":\"https:\/\/secure.gravatar.com\/avatar\/e5509f4dff895ea41a5f1ca18bdfc2f4?s=96&d=mm&r=g\",\"caption\":\"Trang BUI\"},\"url\":\"https:\/\/www.fede.education\/en\/author\/tbui\/\"}]}<\/script>\n<!-- \/ Yoast SEO plugin. -->","yoast_head_json":{"title":"Jeanne Courouble: a multitalented entrepreneur - FEDE - F\u00e9d\u00e9ration Europ\u00e9enne Des Ecoles","robots":{"index":"index","follow":"follow","max-snippet":"max-snippet:-1","max-image-preview":"max-image-preview:large","max-video-preview":"max-video-preview:-1"},"canonical":"https:\/\/www.fede.education\/en\/2018\/05\/04\/jeanne-courouble-a-multitalented-entrepreneur\/","og_locale":"en_US","og_type":"article","og_title":"Jeanne Courouble: a multitalented entrepreneur - FEDE - F\u00e9d\u00e9ration Europ\u00e9enne Des Ecoles","og_description":"Jeanne Courouble has an Executive MBA from HEC, Paris. Entrepreneur, talented speaker, lecturer at HEC, member of the Soci\u00e9t\u00e9 des gens de lettres (a French organisation defending authors\u2019 rights) and colonel in the French R\u00e9serve citoyenne, she is, in addition to all that, a best-selling author. Jeanne Courouble is also a member of the FEDE\u2019s Panel of Experts. In the following interview she speaks about her latest book, her career as an entrepreneur, and much more. What would you say have been the most important elements of your education? I\u2019m glad you said \u2018have been\u2019 and not \u2018were\u2019.\u00a0 For me education is lifelong and ongoing. Learning is an endlessly interesting luxury \u2013 a real source of joy. It is enriching both from the point of view of the teacher and [&hellip;]","og_url":"https:\/\/www.fede.education\/en\/2018\/05\/04\/jeanne-courouble-a-multitalented-entrepreneur\/","og_site_name":"FEDE - F\u00e9d\u00e9ration Europ\u00e9enne Des Ecoles","article_publisher":"https:\/\/www.facebook.com\/fede.education","article_published_time":"2018-05-04T09:34:59+00:00","article_modified_time":"2023-02-23T14:30:41+00:00","og_image":[{"width":1200,"height":627,"url":"https:\/\/www.fede.education\/wp-content\/uploads\/2022\/05\/jeanne_courouble_fede_federation_europenne_ecoles.jpg","type":"image\/jpeg"}],"author":"Trang BUI","twitter_card":"summary_large_image","twitter_creator":"@FEDE_OING","twitter_site":"@FEDE_OING","twitter_misc":{"Written by":"Trang BUI","Est. reading time":"5 minutes"},"schema":{"@context":"https:\/\/schema.org","@graph":[{"@type":"Article","@id":"https:\/\/www.fede.education\/en\/2018\/05\/04\/jeanne-courouble-a-multitalented-entrepreneur\/#article","isPartOf":{"@id":"https:\/\/www.fede.education\/en\/2018\/05\/04\/jeanne-courouble-a-multitalented-entrepreneur\/"},"author":{"name":"Trang BUI","@id":"https:\/\/www.fede.education\/#\/schema\/person\/61c51d589cfbfa2aa5a2b91ddf0eb81c"},"headline":"Jeanne Courouble: a multitalented entrepreneur","datePublished":"2018-05-04T09:34:59+00:00","dateModified":"2023-02-23T14:30:41+00:00","mainEntityOfPage":{"@id":"https:\/\/www.fede.education\/en\/2018\/05\/04\/jeanne-courouble-a-multitalented-entrepreneur\/"},"wordCount":925,"publisher":{"@id":"https:\/\/www.fede.education\/#organization"},"image":{"@id":"https:\/\/www.fede.education\/en\/2018\/05\/04\/jeanne-courouble-a-multitalented-entrepreneur\/#primaryimage"},"thumbnailUrl":"https:\/\/www.fede.education\/wp-content\/uploads\/2022\/05\/jeanne_courouble_fede_federation_europenne_ecoles.jpg","keywords":["Coll\u00e8ge d'Experts"],"inLanguage":"en-US"},{"@type":"WebPage","@id":"https:\/\/www.fede.education\/en\/2018\/05\/04\/jeanne-courouble-a-multitalented-entrepreneur\/","url":"https:\/\/www.fede.education\/en\/2018\/05\/04\/jeanne-courouble-a-multitalented-entrepreneur\/","name":"Jeanne Courouble: a multitalented entrepreneur - FEDE - F\u00e9d\u00e9ration Europ\u00e9enne Des Ecoles","isPartOf":{"@id":"https:\/\/www.fede.education\/#website"},"primaryImageOfPage":{"@id":"https:\/\/www.fede.education\/en\/2018\/05\/04\/jeanne-courouble-a-multitalented-entrepreneur\/#primaryimage"},"image":{"@id":"https:\/\/www.fede.education\/en\/2018\/05\/04\/jeanne-courouble-a-multitalented-entrepreneur\/#primaryimage"},"thumbnailUrl":"https:\/\/www.fede.education\/wp-content\/uploads\/2022\/05\/jeanne_courouble_fede_federation_europenne_ecoles.jpg","datePublished":"2018-05-04T09:34:59+00:00","dateModified":"2023-02-23T14:30:41+00:00","breadcrumb":{"@id":"https:\/\/www.fede.education\/en\/2018\/05\/04\/jeanne-courouble-a-multitalented-entrepreneur\/#breadcrumb"},"inLanguage":"en-US","potentialAction":[{"@type":"ReadAction","target":["https:\/\/www.fede.education\/en\/2018\/05\/04\/jeanne-courouble-a-multitalented-entrepreneur\/"]}]},{"@type":"ImageObject","inLanguage":"en-US","@id":"https:\/\/www.fede.education\/en\/2018\/05\/04\/jeanne-courouble-a-multitalented-entrepreneur\/#primaryimage","url":"https:\/\/www.fede.education\/wp-content\/uploads\/2022\/05\/jeanne_courouble_fede_federation_europenne_ecoles.jpg","contentUrl":"https:\/\/www.fede.education\/wp-content\/uploads\/2022\/05\/jeanne_courouble_fede_federation_europenne_ecoles.jpg","width":1200,"height":627},{"@type":"BreadcrumbList","@id":"https:\/\/www.fede.education\/en\/2018\/05\/04\/jeanne-courouble-a-multitalented-entrepreneur\/#breadcrumb","itemListElement":[{"@type":"ListItem","position":1,"name":"Accueil","item":"https:\/\/www.fede.education\/en\/"},{"@type":"ListItem","position":2,"name":"Jeanne Courouble: a multitalented entrepreneur"}]},{"@type":"WebSite","@id":"https:\/\/www.fede.education\/#website","url":"https:\/\/www.fede.education\/","name":"FEDE - F\u00e9d\u00e9ration Europ\u00e9enne Des Ecoles","description":"","publisher":{"@id":"https:\/\/www.fede.education\/#organization"},"potentialAction":[{"@type":"SearchAction","target":{"@type":"EntryPoint","urlTemplate":"https:\/\/www.fede.education\/?s={search_term_string}"},"query-input":{"@type":"PropertyValueSpecification","valueRequired":true,"valueName":"search_term_string"}}],"inLanguage":"en-US"},{"@type":"Organization","@id":"https:\/\/www.fede.education\/#organization","name":"FEDE - F\u00e9d\u00e9ration Europ\u00e9enne Des Ecoles","url":"https:\/\/www.fede.education\/","logo":{"@type":"ImageObject","inLanguage":"en-US","@id":"https:\/\/www.fede.education\/#\/schema\/logo\/image\/","url":"https:\/\/www.fede.education\/wp-content\/uploads\/2022\/08\/cropped-Logo_entete_site_FEDE.png","contentUrl":"https:\/\/www.fede.education\/wp-content\/uploads\/2022\/08\/cropped-Logo_entete_site_FEDE.png","width":512,"height":512,"caption":"FEDE - F\u00e9d\u00e9ration Europ\u00e9enne Des Ecoles"},"image":{"@id":"https:\/\/www.fede.education\/#\/schema\/logo\/image\/"},"sameAs":["https:\/\/www.facebook.com\/fede.education","https:\/\/x.com\/FEDE_OING","https:\/\/twitter.com\/FEDE_OING"]},{"@type":"Person","@id":"https:\/\/www.fede.education\/#\/schema\/person\/61c51d589cfbfa2aa5a2b91ddf0eb81c","name":"Trang BUI","image":{"@type":"ImageObject","inLanguage":"en-US","@id":"https:\/\/www.fede.education\/#\/schema\/person\/image\/","url":"https:\/\/secure.gravatar.com\/avatar\/e5509f4dff895ea41a5f1ca18bdfc2f4?s=96&d=mm&r=g","contentUrl":"https:\/\/secure.gravatar.com\/avatar\/e5509f4dff895ea41a5f1ca18bdfc2f4?s=96&d=mm&r=g","caption":"Trang BUI"},"url":"https:\/\/www.fede.education\/en\/author\/tbui\/"}]}},"_links":{"self":[{"href":"https:\/\/www.fede.education\/en\/wp-json\/wp\/v2\/posts\/38692"}],"collection":[{"href":"https:\/\/www.fede.education\/en\/wp-json\/wp\/v2\/posts"}],"about":[{"href":"https:\/\/www.fede.education\/en\/wp-json\/wp\/v2\/types\/post"}],"author":[{"embeddable":true,"href":"https:\/\/www.fede.education\/en\/wp-json\/wp\/v2\/users\/10"}],"replies":[{"embeddable":true,"href":"https:\/\/www.fede.education\/en\/wp-json\/wp\/v2\/comments?post=38692"}],"version-history":[{"count":3,"href":"https:\/\/www.fede.education\/en\/wp-json\/wp\/v2\/posts\/38692\/revisions"}],"predecessor-version":[{"id":38761,"href":"https:\/\/www.fede.education\/en\/wp-json\/wp\/v2\/posts\/38692\/revisions\/38761"}],"wp:featuredmedia":[{"embeddable":true,"href":"https:\/\/www.fede.education\/en\/wp-json\/wp\/v2\/media\/32457"}],"wp:attachment":[{"href":"https:\/\/www.fede.education\/en\/wp-json\/wp\/v2\/media?parent=38692"}],"wp:term":[{"taxonomy":"category","embeddable":true,"href":"https:\/\/www.fede.education\/en\/wp-json\/wp\/v2\/categories?post=38692"},{"taxonomy":"post_tag","embeddable":true,"href":"https:\/\/www.fede.education\/en\/wp-json\/wp\/v2\/tags?post=38692"}],"curies":[{"name":"wp","href":"https:\/\/api.w.org\/{rel}","templated":true}]}}